{"id":8348,"date":"2025-02-02T10:45:43","date_gmt":"2025-02-02T10:45:43","guid":{"rendered":"https:\/\/times.cd\/?p=8348"},"modified":"2025-02-02T10:45:44","modified_gmt":"2025-02-02T10:45:44","slug":"boxe-emmani-kalombo-simpose-par-ko-face-a-sergio-gracia","status":"publish","type":"post","link":"https:\/\/times.cd\/index.php\/2025\/02\/02\/boxe-emmani-kalombo-simpose-par-ko-face-a-sergio-gracia\/","title":{"rendered":"BOXE : Emmani Kalombo s&rsquo;impose par KO face \u00e0 Sergio Gracia"},"content":{"rendered":"<p>Le boxeur congolais Emmani Kalombo a sign\u00e9 une victoire spectaculaire samedi 1er f\u00e9vrier \u00e0 Wembley Arena, en dominant Sergio Garcia Herrera par KO d\u00e8s le premier round. L&rsquo;arbitre a \u00e9t\u00e9 contraint de compter jusqu&rsquo;\u00e0 dix apr\u00e8s que Garcia se soit retrouv\u00e9 \u00e0 genoux, incapable de poursuivre le combat en raison des puissants coups inflig\u00e9s par Kalombo.<\/p>\n<p>Cette victoire marque un retour triomphal pour Kalombo, qui confirme ainsi sa place parmi les meilleurs boxeurs internationaux. Accompagn\u00e9 de Martin Bakole, un autre boxeur congolais de renom, Kalombo a b\u00e9n\u00e9fici\u00e9 de pr\u00e9cieux conseils et d&rsquo;un soutien moral tout au long de sa pr\u00e9paration. La pr\u00e9sence de Bakole, dont l&rsquo;exp\u00e9rience est bien connue, a incontestablement contribu\u00e9 \u00e0 la performance exceptionnelle du combattant.<\/p>\n<p>Fort de 19 victoires, dont 17 par KO, et d&rsquo;une seule d\u00e9faite, Kalombo poursuit sa conqu\u00eate du public. Cette nouvelle victoire vient enrichir une s\u00e9rie de performances remarquables, et les supporters sont d\u00e9j\u00e0 impatients de le retrouver sur le ring lors de ses prochains affrontements.<\/p>\n<p>Emmanuel M<\/p>\n","protected":false},"excerpt":{"rendered":"<p>Le boxeur congolais Emmani Kalombo a sign\u00e9 une victoire spectaculaire samedi 1er f\u00e9vrier \u00e0 Wembley Arena, en dominant Sergio Garcia Herrera par KO d\u00e8s le premier round. L&rsquo;arbitre a \u00e9t\u00e9 contraint de compter jusqu&rsquo;\u00e0 dix apr\u00e8s que Garcia se soit retrouv\u00e9 \u00e0 genoux, incapable de poursuivre le combat en raison des puissants coups inflig\u00e9s par [&hellip;]<\/p>\n","protected":false},"author":1,"featured_media":8349,"comment_status":"open","ping_status":"open","sticky":false,"template":"","format":"standard","meta":{"footnotes":""},"categories":[4],"tags":[],"_links":{"self":[{"href":"https:\/\/times.cd\/index.php\/wp-json\/wp\/v2\/posts\/8348"}],"collection":[{"href":"https:\/\/times.cd\/index.php\/wp-json\/wp\/v2\/posts"}],"about":[{"href":"https:\/\/times.cd\/index.php\/wp-json\/wp\/v2\/types\/post"}],"author":[{"embeddable":true,"href":"https:\/\/times.cd\/index.php\/wp-json\/wp\/v2\/users\/1"}],"replies":[{"embeddable":true,"href":"https:\/\/times.cd\/index.php\/wp-json\/wp\/v2\/comments?post=8348"}],"version-history":[{"count":1,"href":"https:\/\/times.cd\/index.php\/wp-json\/wp\/v2\/posts\/8348\/revisions"}],"predecessor-version":[{"id":8350,"href":"https:\/\/times.cd\/index.php\/wp-json\/wp\/v2\/posts\/8348\/revisions\/8350"}],"wp:featuredmedia":[{"embeddable":true,"href":"https:\/\/times.cd\/index.php\/wp-json\/wp\/v2\/media\/8349"}],"wp:attachment":[{"href":"https:\/\/times.cd\/index.php\/wp-json\/wp\/v2\/media?parent=8348"}],"wp:term":[{"taxonomy":"category","embeddable":true,"href":"https:\/\/times.cd\/index.php\/wp-json\/wp\/v2\/categories?post=8348"},{"taxonomy":"post_tag","embeddable":true,"href":"https:\/\/times.cd\/index.php\/wp-json\/wp\/v2\/tags?post=8348"}],"curies":[{"name":"wp","href":"https:\/\/api.w.org\/{rel}","templated":true}]}}