{"id":5400,"date":"2024-05-05T06:17:43","date_gmt":"2024-05-05T06:17:43","guid":{"rendered":"https:\/\/times.cd\/?p=5400"},"modified":"2024-05-05T06:17:44","modified_gmt":"2024-05-05T06:17:44","slug":"ituri-3-ans-depuis-linstauration-de-letat-de-sieges-aucune-avancee-significative-enregistree-dieudonne-lossa","status":"publish","type":"post","link":"https:\/\/times.cd\/index.php\/2024\/05\/05\/ituri-3-ans-depuis-linstauration-de-letat-de-sieges-aucune-avancee-significative-enregistree-dieudonne-lossa\/","title":{"rendered":"Ituri : 3 ans depuis l&rsquo;instauration de l&rsquo;\u00e9tat de sieges, aucune avanc\u00e9e significative enregistr\u00e9e( Dieudonn\u00e9 Lossa)"},"content":{"rendered":"\n<p>La R\u00e9publique d\u00e9mocratique du Congo (RDC) compte actuellement 26 provinces apr\u00e8s le d\u00e9coupage, dans sa partie orientale l&rsquo;ins\u00e9curit\u00e9 est en puissance d&rsquo;une fa\u00e7on cibl\u00e9e. Deux provinces en sont victime dans cette zone orientale du pays notamment la province de l&rsquo;ituri et la province du Nord -Kivu o\u00f9 les populations meurent du jour au jour, mais \u00e9galement les biens de valeurs des habitants sont carbonis\u00e9s par les ennemis de la paix entres autres les rebelles ADF , les M23 et des groupes arm\u00e9s locaux actifs bien que signataires de l&rsquo;accord de cessation des hostilit\u00e9s.<\/p>\n\n\n\n<p>Vu la mont\u00e9e en puissance de la multiplication des morts de paisibles population dans les deux provinces pr\u00e9cit\u00e9es l&rsquo;\u00c9tat congolais avait instaur\u00e9 le 03 Mai 2021 l&rsquo;Etat de si\u00e8ge pour mettre fin \u00e0 ces carnages macabres .<\/p>\n\n\n\n<p>C&rsquo;est ce vendredi 03 Mai 2024 que cette mesure exceptionnelle a totalis\u00e9 3 ans d&rsquo;existence dans la province de l&rsquo;ituri et celle du Nord Kivu qui sont en proie de l&rsquo;ins\u00e9curit\u00e9 grandissante.<\/p>\n\n\n\n<p>Sans r\u00e9sultat escompt\u00e9, des voies s&rsquo;\u00e9l\u00e8vent pour rejeter l&rsquo;\u00e9tat de si\u00e8ge.<\/p>\n\n\n\n<p>C&rsquo;est dans la m\u00eame optique, que le coordonnateur de la soci\u00e9t\u00e9 civile force vives de la province de l&rsquo;ituri S&rsquo;inqui\u00e8te de cette situation dans la province de l&rsquo;ituri du fait que la dite province continue \u00e0 notifier des morts en pleine mesure exceptionnelle de l&rsquo;\u00e9tat de si\u00e8ge.<br>Le patron de cette structure citoyenne accuse les rebelles ADF et les diff\u00e9rents groupes arm\u00e9s locaux actif \u00e0 l&rsquo;ins\u00e9curit\u00e9 de la province de l&rsquo;ituri.<\/p>\n\n\n\n<p>\u00abVoil\u00e0 3 ans \u00e9coul\u00e9s depuis que l&rsquo;Etat de si\u00e8ge a \u00e9t\u00e9 instaur\u00e9 dans la province de l&rsquo;ituri et du Nord Kivu, chose inqui\u00e9tante la population demeure toujours dans des sites de d\u00e9plac\u00e9s. quasiment aucun groupe n&rsquo;a \u00e9t\u00e9 neutralis\u00e9 jusqu&rsquo;\u00e0 leur suppression\u00bb d\u00e9clare Dieudonn\u00e9 Lossa, le coordonnateur de la soci\u00e9t\u00e9 civile forces vives de l&rsquo;ituri.<\/p>\n\n\n\n<p>Il encourage cependant, l&rsquo;arriv\u00e9e de F\u00e9lix Tshisekedi dans la province de l&rsquo;ituri pour venir s&rsquo;impr\u00e9gner de la situation s\u00e9curitaire en vue de l&rsquo;instauration de la paix.<\/p>\n\n\n\n<p>Soulignons que l&rsquo;arriv\u00e9e du chef de l&rsquo;\u00c9tat en ituri est annonc\u00e9e apr\u00e8s que les diff\u00e9rents groupes arm\u00e9s locaux signent l&rsquo;accord de cessation des hostilit\u00e9s devant le vice premier Ministre , Ministre de la d\u00e9fense et des anciens combattants Jean Pierre Bemba, 19 Avril dernier \u00e0 Bunia chef-lieu de la province de l&rsquo;ituri.<\/p>\n\n\n\n<p>Pour rappel c&rsquo;est depuis le 03 Mai 2021 que l&rsquo;\u00c9tat de si\u00e8ge a \u00e9t\u00e9 instaur\u00e9 en ituri et au Nord-Kivu en vue de mettre fin aux carnages des populations.<\/p>\n\n\n\n<p>Olivier okande bin<\/p>\n","protected":false},"excerpt":{"rendered":"<p>La R\u00e9publique d\u00e9mocratique du Congo (RDC) compte actuellement 26 provinces apr\u00e8s le d\u00e9coupage, dans sa partie orientale l&rsquo;ins\u00e9curit\u00e9 est en puissance d&rsquo;une fa\u00e7on cibl\u00e9e. Deux provinces en sont victime dans cette zone orientale du pays notamment la province de l&rsquo;ituri et la province du Nord -Kivu o\u00f9 les populations meurent du jour au jour, mais [&hellip;]<\/p>\n","protected":false},"author":1,"featured_media":5401,"comment_status":"open","ping_status":"open","sticky":false,"template":"","format":"standard","meta":{"footnotes":""},"categories":[25],"tags":[],"_links":{"self":[{"href":"https:\/\/times.cd\/index.php\/wp-json\/wp\/v2\/posts\/5400"}],"collection":[{"href":"https:\/\/times.cd\/index.php\/wp-json\/wp\/v2\/posts"}],"about":[{"href":"https:\/\/times.cd\/index.php\/wp-json\/wp\/v2\/types\/post"}],"author":[{"embeddable":true,"href":"https:\/\/times.cd\/index.php\/wp-json\/wp\/v2\/users\/1"}],"replies":[{"embeddable":true,"href":"https:\/\/times.cd\/index.php\/wp-json\/wp\/v2\/comments?post=5400"}],"version-history":[{"count":1,"href":"https:\/\/times.cd\/index.php\/wp-json\/wp\/v2\/posts\/5400\/revisions"}],"predecessor-version":[{"id":5402,"href":"https:\/\/times.cd\/index.php\/wp-json\/wp\/v2\/posts\/5400\/revisions\/5402"}],"wp:featuredmedia":[{"embeddable":true,"href":"https:\/\/times.cd\/index.php\/wp-json\/wp\/v2\/media\/5401"}],"wp:attachment":[{"href":"https:\/\/times.cd\/index.php\/wp-json\/wp\/v2\/media?parent=5400"}],"wp:term":[{"taxonomy":"category","embeddable":true,"href":"https:\/\/times.cd\/index.php\/wp-json\/wp\/v2\/categories?post=5400"},{"taxonomy":"post_tag","embeddable":true,"href":"https:\/\/times.cd\/index.php\/wp-json\/wp\/v2\/tags?post=5400"}],"curies":[{"name":"wp","href":"https:\/\/api.w.org\/{rel}","templated":true}]}}