{"id":4755,"date":"2024-03-13T16:24:16","date_gmt":"2024-03-13T16:24:16","guid":{"rendered":"https:\/\/times.cd\/?p=4755"},"modified":"2024-03-13T19:55:42","modified_gmt":"2024-03-13T19:55:42","slug":"kasai-central-deni-kambayi-a-kananga-pour-lancer-une-structure-culturelle-denommee-novic","status":"publish","type":"post","link":"https:\/\/times.cd\/index.php\/2024\/03\/13\/kasai-central-deni-kambayi-a-kananga-pour-lancer-une-structure-culturelle-denommee-novic\/","title":{"rendered":"Kasa\u00ef-central : Denis Kambayi \u00e0 Kananga, pour lancer une structure culturelle d\u00e9nomm\u00e9e NOVIC"},"content":{"rendered":"\n<p><\/p>\n\n\n\n<p>Le pr\u00e9sident national de la Synergie des notables et associations du grand Kasa\u00ef ( SYNAGK) est arriv\u00e9 \u00e0 Kananga, ce mercredi 13 mars 2024.<\/p>\n\n\n\n<p>L&rsquo;ancien s\u00e9nateur vient dans cette partie du pays, pour lancer les activit\u00e9s de la nouvelle plateforme culturelle d\u00e9nomm\u00e9e \u00ab nouvelle vision du Congo \u00bb, qui va regrouper des leaders de 4 espaces linguistiques.<\/p>\n\n\n\n<p>Selon Denis Kambayi, cette activit\u00e9 aura lieu, le samedi 16 Avril 2024, dans la salle p\u00e8re kambien, en r\u00e9unissant les communaut\u00e9s du grand \u00c9quateur, du grand Katanga et du grand Bandundu r\u00e9sidants \u00e0 Kananga.<\/p>\n\n\n\n<p>La m\u00eame source atteste que le lancement de cette structure interviendra apr\u00e8s la sortie officielle de l&rsquo;ASBL nouvel Agenda du Katanga ( NAKAT), une plateforme coordonn\u00e9e par \u00c2ge Matembo et second\u00e9 par Denis Kambayi.<\/p>\n\n\n\n<p>Gilbert Kabongo<\/p>\n","protected":false},"excerpt":{"rendered":"<p>Le pr\u00e9sident national de la Synergie des notables et associations du grand Kasa\u00ef ( SYNAGK) est arriv\u00e9 \u00e0 Kananga, ce mercredi 13 mars 2024. L&rsquo;ancien s\u00e9nateur vient dans cette partie du pays, pour lancer les activit\u00e9s de la nouvelle plateforme culturelle d\u00e9nomm\u00e9e \u00ab nouvelle vision du Congo \u00bb, qui va regrouper des leaders de 4 [&hellip;]<\/p>\n","protected":false},"author":1,"featured_media":4756,"comment_status":"open","ping_status":"open","sticky":false,"template":"","format":"standard","meta":{"footnotes":""},"categories":[25],"tags":[],"_links":{"self":[{"href":"https:\/\/times.cd\/index.php\/wp-json\/wp\/v2\/posts\/4755"}],"collection":[{"href":"https:\/\/times.cd\/index.php\/wp-json\/wp\/v2\/posts"}],"about":[{"href":"https:\/\/times.cd\/index.php\/wp-json\/wp\/v2\/types\/post"}],"author":[{"embeddable":true,"href":"https:\/\/times.cd\/index.php\/wp-json\/wp\/v2\/users\/1"}],"replies":[{"embeddable":true,"href":"https:\/\/times.cd\/index.php\/wp-json\/wp\/v2\/comments?post=4755"}],"version-history":[{"count":2,"href":"https:\/\/times.cd\/index.php\/wp-json\/wp\/v2\/posts\/4755\/revisions"}],"predecessor-version":[{"id":4761,"href":"https:\/\/times.cd\/index.php\/wp-json\/wp\/v2\/posts\/4755\/revisions\/4761"}],"wp:featuredmedia":[{"embeddable":true,"href":"https:\/\/times.cd\/index.php\/wp-json\/wp\/v2\/media\/4756"}],"wp:attachment":[{"href":"https:\/\/times.cd\/index.php\/wp-json\/wp\/v2\/media?parent=4755"}],"wp:term":[{"taxonomy":"category","embeddable":true,"href":"https:\/\/times.cd\/index.php\/wp-json\/wp\/v2\/categories?post=4755"},{"taxonomy":"post_tag","embeddable":true,"href":"https:\/\/times.cd\/index.php\/wp-json\/wp\/v2\/tags?post=4755"}],"curies":[{"name":"wp","href":"https:\/\/api.w.org\/{rel}","templated":true}]}}