{"id":2880,"date":"2023-04-10T11:34:55","date_gmt":"2023-04-10T11:34:55","guid":{"rendered":"https:\/\/times.cd\/?p=2880"},"modified":"2023-04-10T11:34:56","modified_gmt":"2023-04-10T11:34:56","slug":"rdc-desserte-en-electricite-il-faut-depolitiser-la-snel-depute-ados-ndombasi","status":"publish","type":"post","link":"https:\/\/times.cd\/index.php\/2023\/04\/10\/rdc-desserte-en-electricite-il-faut-depolitiser-la-snel-depute-ados-ndombasi\/","title":{"rendered":"RDC\u2013Desserte en \u00e9lectricit\u00e9: il faut d\u00e9politiser la Snel (D\u00e9put\u00e9 Ados Ndombasi)"},"content":{"rendered":"\n<p><\/p>\n\n\n\n<p>La pl\u00e9ni\u00e8re convoqu\u00e9e, vendredi 07 avril 2023, \u00e0 la chambre basse du Parlement, a poursuivi le d\u00e9bat sur l\u2019interpellation du directeur g\u00e9n\u00e9ral de la Soci\u00e9t\u00e9 nationale d\u2019\u00e9lectricit\u00e9 (SNEL), Fabrice Lusinde.<\/p>\n\n\n\n<p>Au total, 78 d\u00e9put\u00e9s nationaux se sont inscrits pour participer \u00e0 ce d\u00e9bat. Dans son intervention, le d\u00e9put\u00e9 Ados Ndombasi a soulign\u00e9 que la SNEL, tout comme d\u2019autres entreprises publiques, doivent \u00eatre d\u00e9politis\u00e9.<\/p>\n\n\n\n<p>\u00ab\u00a0Cel\u00e0 fera plus de 50 ans que la Snel existe, le taux de desserte en \u00e9lectricit\u00e9 \u00e0 l&rsquo;espace Grand-\u00c9quateur est seulement 1,5% au grand Kassa\u00ef 1,5% et dans le Kongo-Central 9,1%.<br>Comment nous allons sauv\u00e9 ce pays? S&rsquo;interroge l&rsquo;opposant\u00a0\u00bb.<\/p>\n\n\n\n<p>Et de proposer, \u00ab\u00a0Je pense que nous devons d\u00e9politis\u00e9 ces entreprises pour sauver la SNEL, la REGIDESO et autres entreprises publiques de l\u2019\u00c9tat, et si c&rsquo;est possible de donner la chance aux agents de carri\u00e8re pour g\u00e9rer ces entreprises, \u00e7a sera une bonne chose\u00a0\u00bb, a conclu l&rsquo;\u00e9lu de Funa Ados Ndombasi.<\/p>\n\n\n\n<p>La question de l\u2019\u00e9lectricit\u00e9 est un casse-t\u00eate en RDC . Le DG de la SNEL a \u00e9t\u00e9 interpell\u00e9 par le d\u00e9put\u00e9 national Bukasa Ngoy Prosp\u00e8re pour \u00e9clairer l\u2019opinion sur les diff\u00e9rentes pr\u00e9occupations de la population notamment les coupures intempestives, le probl\u00e8me de d\u00e9lestage, le manque d\u2019\u00e9lectricit\u00e9 dans plusieurs coins du pays, etc. Le d\u00e9bat a \u00e9t\u00e9 suspendu. Il reprendra le lundi de la semaine prochaine.<\/p>\n\n\n\n<p>Francis Luende<\/p>\n","protected":false},"excerpt":{"rendered":"<p>La pl\u00e9ni\u00e8re convoqu\u00e9e, vendredi 07 avril 2023, \u00e0 la chambre basse du Parlement, a poursuivi le d\u00e9bat sur l\u2019interpellation du directeur g\u00e9n\u00e9ral de la Soci\u00e9t\u00e9 nationale d\u2019\u00e9lectricit\u00e9 (SNEL), Fabrice Lusinde. Au total, 78 d\u00e9put\u00e9s nationaux se sont inscrits pour participer \u00e0 ce d\u00e9bat. Dans son intervention, le d\u00e9put\u00e9 Ados Ndombasi a soulign\u00e9 que la SNEL, [&hellip;]<\/p>\n","protected":false},"author":1,"featured_media":2881,"comment_status":"open","ping_status":"open","sticky":false,"template":"","format":"standard","meta":{"footnotes":""},"categories":[25],"tags":[],"_links":{"self":[{"href":"https:\/\/times.cd\/index.php\/wp-json\/wp\/v2\/posts\/2880"}],"collection":[{"href":"https:\/\/times.cd\/index.php\/wp-json\/wp\/v2\/posts"}],"about":[{"href":"https:\/\/times.cd\/index.php\/wp-json\/wp\/v2\/types\/post"}],"author":[{"embeddable":true,"href":"https:\/\/times.cd\/index.php\/wp-json\/wp\/v2\/users\/1"}],"replies":[{"embeddable":true,"href":"https:\/\/times.cd\/index.php\/wp-json\/wp\/v2\/comments?post=2880"}],"version-history":[{"count":1,"href":"https:\/\/times.cd\/index.php\/wp-json\/wp\/v2\/posts\/2880\/revisions"}],"predecessor-version":[{"id":2882,"href":"https:\/\/times.cd\/index.php\/wp-json\/wp\/v2\/posts\/2880\/revisions\/2882"}],"wp:featuredmedia":[{"embeddable":true,"href":"https:\/\/times.cd\/index.php\/wp-json\/wp\/v2\/media\/2881"}],"wp:attachment":[{"href":"https:\/\/times.cd\/index.php\/wp-json\/wp\/v2\/media?parent=2880"}],"wp:term":[{"taxonomy":"category","embeddable":true,"href":"https:\/\/times.cd\/index.php\/wp-json\/wp\/v2\/categories?post=2880"},{"taxonomy":"post_tag","embeddable":true,"href":"https:\/\/times.cd\/index.php\/wp-json\/wp\/v2\/tags?post=2880"}],"curies":[{"name":"wp","href":"https:\/\/api.w.org\/{rel}","templated":true}]}}