{"id":2546,"date":"2022-12-05T20:11:38","date_gmt":"2022-12-05T20:11:38","guid":{"rendered":"https:\/\/times.cd\/?p=2546"},"modified":"2022-12-05T20:11:39","modified_gmt":"2022-12-05T20:11:39","slug":"kinshasa-120-femmes-de-70-ans-ont-recu-le-prix-de-distinction-par-la-presidente-corinne-kesa-mahio","status":"publish","type":"post","link":"https:\/\/times.cd\/index.php\/2022\/12\/05\/kinshasa-120-femmes-de-70-ans-ont-recu-le-prix-de-distinction-par-la-presidente-corinne-kesa-mahio\/","title":{"rendered":"Kinshasa : 120 femmes de 70 ans ont re\u00e7u le prix de distinction par la pr\u00e9sidente Corinne KESA MAHIO"},"content":{"rendered":"\n<p><\/p>\n\n\n\n<p>En marge de la 6 \u00e8me anniversaire de l&rsquo;Association des grandes dames, une c\u00e9r\u00e9monie de remise de prix de distinction aux 120 femmes \u00e2g\u00e9es de 70 ans a \u00e9t\u00e9 organis\u00e9e ce samedi 3 d\u00e9cembre 2022 au Complexe Maisha Park de la Gombe par l&rsquo;Association des grandes dames, en sigle ( LGD ).<\/p>\n\n\n\n<p>Sous le th\u00e8me: \u00ab\u00a0Femmes entrepreneurs dynamiques au service de la communaut\u00e9\u00a0\u00bb.<\/p>\n\n\n\n<p>C&rsquo;est aux alentours de 9heures qu&rsquo;une foule nombreuse des mamans habill\u00e9es en pagnes et des polos de la fondation ont envahis la salle polyvalente comme un \u0153uf, en vue de r\u00e9pondre \u00e0 l&rsquo;appel lanc\u00e9 par la pr\u00e9sidente de la fondation de l&rsquo;Asbl grandes dames Corinne. Parmi les autres personnalit\u00e9s qui se sont associ\u00e9es en ce jour, nous notons la pr\u00e9sence du Ministre de la Justice et droits humains Albert Fabrice Puela, du gouverneur honoraire Jean Claude Masangu, de la repr\u00e9sentante du minist\u00e8re de l&rsquo;\u00e9conomie, du Directeur g\u00e9n\u00e9ral du fond de garantie des entrepreneurs du Congo ( Fogec ) et une vingtaine des pr\u00e9sidents des autres structures.<\/p>\n\n\n\n<figure class=\"wp-block-gallery has-nested-images columns-default is-cropped wp-block-gallery-1 is-layout-flex wp-block-gallery-is-layout-flex\">\n<figure class=\"wp-block-image size-large\"><img loading=\"lazy\" decoding=\"async\" width=\"768\" height=\"576\" data-id=\"2548\" src=\"http:\/\/times.cd\/wp-content\/uploads\/2022\/12\/IMG-20221205-WA0122.jpg\" alt=\"\" class=\"wp-image-2548\" srcset=\"https:\/\/times.cd\/wp-content\/uploads\/2022\/12\/IMG-20221205-WA0122.jpg 768w, https:\/\/times.cd\/wp-content\/uploads\/2022\/12\/IMG-20221205-WA0122-300x225.jpg 300w, https:\/\/times.cd\/wp-content\/uploads\/2022\/12\/IMG-20221205-WA0122-501x375.jpg 501w\" sizes=\"(max-width: 768px) 100vw, 768px\" \/><\/figure>\n<\/figure>\n\n\n\n<p>Du c\u00f4t\u00e9 de Fogec, parain financier de cette c\u00e9r\u00e9monie a pr\u00e9cis\u00e9 que l&rsquo;id\u00e9e d&rsquo;aider les entrepreneurs congolais qui sont dans l&rsquo;entrepreneuriat d&rsquo;acc\u00e9der facilement au financement vient du chef de l&rsquo;\u00e9tat F\u00e9lix Tshisekedi. Et lorsque Madame Corinne KESA pr\u00e9sidente de l&rsquo;Asbl grandes dames nous approch\u00e9, nous avons trouv\u00e9 utile d&rsquo;accompagner financi\u00e8rement la c\u00e9r\u00e9monie officielle de ce jour.<\/p>\n\n\n\n<p>Abordant la quintessence de ce prix de distinction qui est remis aux 120 femmes \u00e2g\u00e9es de 70 ans et m\u00eame plus, Corinne KESA a tout simplement avou\u00e9e que l&rsquo;id\u00e9e \u00e9tait premi\u00e8rement de r\u00e9fl\u00e9chir comment devrions-nous c\u00e9l\u00e9brer notre 6eme anniversaire de notre Asbl grandes dames.<\/p>\n\n\n\n<p>Aux chocs des id\u00e9es jaillissent la lumi\u00e8re, dit -on, nous nous sommes mis en accord que pour que cet \u00e9v\u00e9nement soit de taille, trouvons des femmes m\u00fbres \u00e2g\u00e9es dans les 24 communes de la ville de Kinshasa qui ont brillamment marqu\u00e9 leurs g\u00e9n\u00e9rations dans un domaine comme \u00e0 un autre, o\u00f9 nous pouvons le d\u00e9cerner le prix de distinction.<\/p>\n\n\n\n<figure class=\"wp-block-gallery has-nested-images columns-default is-cropped wp-block-gallery-2 is-layout-flex wp-block-gallery-is-layout-flex\">\n<figure class=\"wp-block-image size-large\"><img loading=\"lazy\" decoding=\"async\" width=\"724\" height=\"1024\" data-id=\"2549\" src=\"http:\/\/times.cd\/wp-content\/uploads\/2022\/12\/IMG-20221205-WA0120.jpg\" alt=\"\" class=\"wp-image-2549\" srcset=\"https:\/\/times.cd\/wp-content\/uploads\/2022\/12\/IMG-20221205-WA0120.jpg 724w, https:\/\/times.cd\/wp-content\/uploads\/2022\/12\/IMG-20221205-WA0120-212x300.jpg 212w\" sizes=\"(max-width: 724px) 100vw, 724px\" \/><\/figure>\n<\/figure>\n\n\n\n<p>Nous sommes all\u00e9s s\u00e9lectionn\u00e9s ces femmes qui ont impact\u00e9 dans leurs foyers, car si vous le savez pas , monsieur le journaliste, la grande majorit\u00e9 des hommes politiques qui sont dans les institutions et au gouvernement, ces sont les enfants des ces mamans qui ont pass\u00e9 toute leurs vies avec les petites activit\u00e9s \u00e0 nourrir et a faire \u00e9tudier ces personnalit\u00e9s aujourd&rsquo;hui que nous avons en Rdc, a t-il fait savoir.<\/p>\n\n\n\n<figure class=\"wp-block-gallery has-nested-images columns-default is-cropped wp-block-gallery-3 is-layout-flex wp-block-gallery-is-layout-flex\">\n<figure class=\"wp-block-image size-large\"><img loading=\"lazy\" decoding=\"async\" width=\"750\" height=\"375\" data-id=\"2550\" src=\"http:\/\/times.cd\/wp-content\/uploads\/2022\/12\/IMG-20221205-WA0121.jpg\" alt=\"\" class=\"wp-image-2550\" srcset=\"https:\/\/times.cd\/wp-content\/uploads\/2022\/12\/IMG-20221205-WA0121.jpg 750w, https:\/\/times.cd\/wp-content\/uploads\/2022\/12\/IMG-20221205-WA0121-300x150.jpg 300w\" sizes=\"(max-width: 750px) 100vw, 750px\" \/><\/figure>\n<\/figure>\n\n\n\n<p>Il faut savoir que l&rsquo;Asbl grandes dame en sigle ( LGD) soutien la promotion de la femme et de la jeune fille. En 2018, elle a organis\u00e9e la foire de la femme sur la place des \u00e9volu\u00e9es sur le parrainage du minist\u00e8re du genre , famille et enfant. Pendant les festivit\u00e9s de la fin de l&rsquo;ann\u00e9e que \u00e7a soit la rentr\u00e9e scolaire la pr\u00e9sidente de la fondation Corinne KESA ne manque pas mat\u00e9riellement et financi\u00e8rement \u00e0 contribuer avec ses maigres efforts.<\/p>\n\n\n\n<p>Karl &#8211; Ituku<\/p>\n","protected":false},"excerpt":{"rendered":"<p>En marge de la 6 \u00e8me anniversaire de l&rsquo;Association des grandes dames, une c\u00e9r\u00e9monie de remise de prix de distinction aux 120 femmes \u00e2g\u00e9es de 70 ans a \u00e9t\u00e9 organis\u00e9e ce samedi 3 d\u00e9cembre 2022 au Complexe Maisha Park de la Gombe par l&rsquo;Association des grandes dames, en sigle ( LGD ). Sous le th\u00e8me: [&hellip;]<\/p>\n","protected":false},"author":1,"featured_media":2547,"comment_status":"open","ping_status":"open","sticky":false,"template":"","format":"standard","meta":{"footnotes":""},"categories":[28],"tags":[],"_links":{"self":[{"href":"https:\/\/times.cd\/index.php\/wp-json\/wp\/v2\/posts\/2546"}],"collection":[{"href":"https:\/\/times.cd\/index.php\/wp-json\/wp\/v2\/posts"}],"about":[{"href":"https:\/\/times.cd\/index.php\/wp-json\/wp\/v2\/types\/post"}],"author":[{"embeddable":true,"href":"https:\/\/times.cd\/index.php\/wp-json\/wp\/v2\/users\/1"}],"replies":[{"embeddable":true,"href":"https:\/\/times.cd\/index.php\/wp-json\/wp\/v2\/comments?post=2546"}],"version-history":[{"count":1,"href":"https:\/\/times.cd\/index.php\/wp-json\/wp\/v2\/posts\/2546\/revisions"}],"predecessor-version":[{"id":2551,"href":"https:\/\/times.cd\/index.php\/wp-json\/wp\/v2\/posts\/2546\/revisions\/2551"}],"wp:featuredmedia":[{"embeddable":true,"href":"https:\/\/times.cd\/index.php\/wp-json\/wp\/v2\/media\/2547"}],"wp:attachment":[{"href":"https:\/\/times.cd\/index.php\/wp-json\/wp\/v2\/media?parent=2546"}],"wp:term":[{"taxonomy":"category","embeddable":true,"href":"https:\/\/times.cd\/index.php\/wp-json\/wp\/v2\/categories?post=2546"},{"taxonomy":"post_tag","embeddable":true,"href":"https:\/\/times.cd\/index.php\/wp-json\/wp\/v2\/tags?post=2546"}],"curies":[{"name":"wp","href":"https:\/\/api.w.org\/{rel}","templated":true}]}}