{"id":2541,"date":"2022-12-05T19:58:05","date_gmt":"2022-12-05T19:58:05","guid":{"rendered":"https:\/\/times.cd\/?p=2541"},"modified":"2022-12-05T19:58:06","modified_gmt":"2022-12-05T19:58:06","slug":"rdc-min-fpm-sama-lukonde-lance-les-travaux-de-latelier-de-validation-des-donnees-de-leftp-collectees-a-lubumbashi-kinshasa-et-matadi","status":"publish","type":"post","link":"https:\/\/times.cd\/index.php\/2022\/12\/05\/rdc-min-fpm-sama-lukonde-lance-les-travaux-de-latelier-de-validation-des-donnees-de-leftp-collectees-a-lubumbashi-kinshasa-et-matadi\/","title":{"rendered":"RDC-MIN.FPM : Sama Lukonde lance les travaux de l\u2019atelier de validation des donn\u00e9es de l\u2019EFTP collect\u00e9es \u00e0 Lubumbashi, Kinshasa et Matadi"},"content":{"rendered":"\n<p><\/p>\n\n\n\n<p><\/p>\n\n\n\n<p>Le Chef du Gouvernement Congolais, Jean-Michel Sama Lukonde, a d\u00e9clar\u00e9 ouvert ce mardi 29 novembre, \u00e0 Kinshasa, les travaux de l\u2019atelier de validation des r\u00e9sultats sur l\u2019\u00e9tude de redynamisation du Syst\u00e8me d\u2019Information pour la Gestion de l\u2019\u00c9ducation \u00ab&nbsp;SIGE&nbsp;\u00bb dans le secteur de l\u2019enseignement, de la formation technique et professionnelle (SIGE-EFTP).<\/p>\n\n\n\n<p>C&rsquo;est \u00e0 l&rsquo;initiative de la Ministre de la Formation Professionnelle et M\u00e9tiers, Antoinette Kipulu en collaboration avec l\u2019UNESCO, que se d\u00e9roulera ces travaux de deux jours.<\/p>\n\n\n\n<p>Prenant la parole,<br>avant le mot d\u2019ouverture du Premier Ministre, la Ministre a martel\u00e9e sur l\u2019importance de cette \u00e9tude qui doit \u00eatre valid\u00e9e \u00e0 l\u2019issue de ces deux jours d\u2019atelier.<\/p>\n\n\n\n<p>\u00ab\u00a0La formation professionnelle autonomise les jeunes et favorise leur int\u00e9gration professionnelle sur quelle, la n\u00e9cessit\u00e9 d\u2019accorder une importance capitale \u00e0 ce secteur\u00a0\u00bb, a-t-elle dit.<\/p>\n\n\n\n<figure class=\"wp-block-gallery has-nested-images columns-default is-cropped wp-block-gallery-1 is-layout-flex wp-block-gallery-is-layout-flex\">\n<figure class=\"wp-block-image size-large\"><img loading=\"lazy\" decoding=\"async\" width=\"720\" height=\"480\" data-id=\"2544\" src=\"http:\/\/times.cd\/wp-content\/uploads\/2022\/12\/IMG-20221130-WA0014.jpg\" alt=\"\" class=\"wp-image-2544\" srcset=\"https:\/\/times.cd\/wp-content\/uploads\/2022\/12\/IMG-20221130-WA0014.jpg 720w, https:\/\/times.cd\/wp-content\/uploads\/2022\/12\/IMG-20221130-WA0014-300x200.jpg 300w, https:\/\/times.cd\/wp-content\/uploads\/2022\/12\/IMG-20221130-WA0014-345x230.jpg 345w, https:\/\/times.cd\/wp-content\/uploads\/2022\/12\/IMG-20221130-WA0014-370x247.jpg 370w, https:\/\/times.cd\/wp-content\/uploads\/2022\/12\/IMG-20221130-WA0014-440x294.jpg 440w, https:\/\/times.cd\/wp-content\/uploads\/2022\/12\/IMG-20221130-WA0014-570x380.jpg 570w, https:\/\/times.cd\/wp-content\/uploads\/2022\/12\/IMG-20221130-WA0014-170x113.jpg 170w\" sizes=\"(max-width: 720px) 100vw, 720px\" \/><\/figure>\n<\/figure>\n\n\n\n<p>\u00ab\u00a0C\u2019est une grande joie de patronner ces assises consacr\u00e9es \u00e0 la validation des r\u00e9sultats de l\u2019\u00e9tude pilote des donn\u00e9es collect\u00e9es aupr\u00e8s des \u00e9tablissements de formation professionnelle et technique dans trois villes de notre pays, \u00e0 savoir Kinshasa, Lubumbashi et Matadi pour le compte du syst\u00e8me de l\u2019information pour la gestion de l\u2019\u00e9ducation volet enseignement technique et professionnel. Sous le leadership du Pr\u00e9sident de la R\u00e9publique, Son Excellence Monsieur F\u00e9lix-Antoine Tshisekedi Tshilombo, Chef de l\u2019\u00c9tat, le programme du Gouvernement r\u00e9serve une place de choix au secteur de l\u2019enseignement et de la formation technique et professionnelle. Parmi ces actions, je citerai la modernisation et la cr\u00e9ation des \u00e9tablissements de l\u2019enseignement et formation technique et professionnelle, des grandes \u00e9coles polytechniques, l\u2019intensification de la construction des \u00e9coles et des centres de formation professionnelle, l\u2019\u00e9laboration d\u2019un \u00e9tat des lieux sur le programme national de formation professionnelle en vue d\u2019un cadre r\u00e9glementaire unifi\u00e9 de certification, la mise sur pied d\u2019une s\u00e9rie de programmes de formation technique et professionnelle en faveur des jeunes non dipl\u00f4m\u00e9s et leur implication dans les diff\u00e9rents travaux de reconstruction du pays&nbsp;\u00bb, a dit le premier ministre Jean-Michel Sama Lukonde.<\/p>\n\n\n\n<p>Pour le Chef du Gouvernement, cette initiative rejoint la vision du Chef de l\u2019\u00c9tat, celle de faire la formation d\u2019une main-d\u2019\u0153uvre qualifi\u00e9e, un levier pour le d\u00e9veloppement de notre pays, et une voie pour la cr\u00e9ation d\u2019une classe moyenne, ceux l\u00e0 prouve la d\u00e9termination du Gouvernement \u00e0 accompagner ce processus devant doter le secteur de la formation et de l\u2019enseignement technique et professionnel des outils n\u00e9cessaires \u00e0 la garantie d\u2019une formation de qualit\u00e9.<\/p>\n\n\n\n<p>Rappelons que, le Repr\u00e9sentant-pays de l\u2019UNESCO et l\u2019Ambassadeur de la Cor\u00e9e du Sud, qui apportent un appui technique et financier \u00e0 ce projet, ont aussi salu\u00e9 l\u2019aboutissement heureux de cette \u00e9tude.<\/p>\n\n\n\n<p>Michel Onengombe\/Times.cd<\/p>\n","protected":false},"excerpt":{"rendered":"<p>Le Chef du Gouvernement Congolais, Jean-Michel Sama Lukonde, a d\u00e9clar\u00e9 ouvert ce mardi 29 novembre, \u00e0 Kinshasa, les travaux de l\u2019atelier de validation des r\u00e9sultats sur l\u2019\u00e9tude de redynamisation du Syst\u00e8me d\u2019Information pour la Gestion de l\u2019\u00c9ducation \u00ab&nbsp;SIGE&nbsp;\u00bb dans le secteur de l\u2019enseignement, de la formation technique et professionnelle (SIGE-EFTP). C&rsquo;est \u00e0 l&rsquo;initiative de la [&hellip;]<\/p>\n","protected":false},"author":1,"featured_media":2543,"comment_status":"open","ping_status":"open","sticky":false,"template":"","format":"standard","meta":{"footnotes":""},"categories":[25],"tags":[],"_links":{"self":[{"href":"https:\/\/times.cd\/index.php\/wp-json\/wp\/v2\/posts\/2541"}],"collection":[{"href":"https:\/\/times.cd\/index.php\/wp-json\/wp\/v2\/posts"}],"about":[{"href":"https:\/\/times.cd\/index.php\/wp-json\/wp\/v2\/types\/post"}],"author":[{"embeddable":true,"href":"https:\/\/times.cd\/index.php\/wp-json\/wp\/v2\/users\/1"}],"replies":[{"embeddable":true,"href":"https:\/\/times.cd\/index.php\/wp-json\/wp\/v2\/comments?post=2541"}],"version-history":[{"count":1,"href":"https:\/\/times.cd\/index.php\/wp-json\/wp\/v2\/posts\/2541\/revisions"}],"predecessor-version":[{"id":2545,"href":"https:\/\/times.cd\/index.php\/wp-json\/wp\/v2\/posts\/2541\/revisions\/2545"}],"wp:featuredmedia":[{"embeddable":true,"href":"https:\/\/times.cd\/index.php\/wp-json\/wp\/v2\/media\/2543"}],"wp:attachment":[{"href":"https:\/\/times.cd\/index.php\/wp-json\/wp\/v2\/media?parent=2541"}],"wp:term":[{"taxonomy":"category","embeddable":true,"href":"https:\/\/times.cd\/index.php\/wp-json\/wp\/v2\/categories?post=2541"},{"taxonomy":"post_tag","embeddable":true,"href":"https:\/\/times.cd\/index.php\/wp-json\/wp\/v2\/tags?post=2541"}],"curies":[{"name":"wp","href":"https:\/\/api.w.org\/{rel}","templated":true}]}}