{"id":2532,"date":"2022-12-04T16:03:50","date_gmt":"2022-12-04T16:03:50","guid":{"rendered":"https:\/\/times.cd\/?p=2532"},"modified":"2022-12-04T16:07:27","modified_gmt":"2022-12-04T16:07:27","slug":"kinshasa-2eme-edition-du-prix-therese-ndelela-nathalie-musau-a-honoree-quelques-membres-de-la-fondation","status":"publish","type":"post","link":"https:\/\/times.cd\/index.php\/2022\/12\/04\/kinshasa-2eme-edition-du-prix-therese-ndelela-nathalie-musau-a-honoree-quelques-membres-de-la-fondation\/","title":{"rendered":"Kinshasa: 2eme \u00e9dition du prix Th\u00e9r\u00e8se Ndelela, Nathalie Musau a honor\u00e9e quelques membres de la fondation"},"content":{"rendered":"\n<p><\/p>\n\n\n\n<p><\/p>\n\n\n\n<p>C&rsquo;est dans le cadre de la comm\u00e9moration de la journ\u00e9e internationale des personnes vivant avec handicap c\u00e9l\u00e9br\u00e9 chaque le 3 d\u00e9cembre, que la fondation Musau a honor\u00e9 quelques membres engag\u00e9es qui milite contre les personnes vivant avec handicap en sigle ( PVH) au sein de l&rsquo;Institut national d&rsquo;enseignement pilote de sciences et sant\u00e9.<\/p>\n\n\n\n<p>Richard Nkololo, secr\u00e9taire g\u00e9n\u00e9ral de la Fondation Musau a expliqu\u00e9 \u00e0 la presse que cette manifestation de la journ\u00e9e internationale de personnes vivant avec handicap co\u00efncide avec la deuxi\u00e8me \u00e9dition de prix Th\u00e9r\u00e8se Ndelela.<\/p>\n\n\n\n<figure class=\"wp-block-gallery has-nested-images columns-default is-cropped wp-block-gallery-1 is-layout-flex wp-block-gallery-is-layout-flex\">\n<figure class=\"wp-block-image size-large\"><img loading=\"lazy\" decoding=\"async\" width=\"1080\" height=\"810\" data-id=\"2534\" src=\"http:\/\/times.cd\/wp-content\/uploads\/2022\/12\/IMG-20221204-WA0185.jpg\" alt=\"\" class=\"wp-image-2534\" srcset=\"https:\/\/times.cd\/wp-content\/uploads\/2022\/12\/IMG-20221204-WA0185.jpg 1080w, https:\/\/times.cd\/wp-content\/uploads\/2022\/12\/IMG-20221204-WA0185-300x225.jpg 300w, https:\/\/times.cd\/wp-content\/uploads\/2022\/12\/IMG-20221204-WA0185-1024x768.jpg 1024w, https:\/\/times.cd\/wp-content\/uploads\/2022\/12\/IMG-20221204-WA0185-768x576.jpg 768w, https:\/\/times.cd\/wp-content\/uploads\/2022\/12\/IMG-20221204-WA0185-501x375.jpg 501w\" sizes=\"(max-width: 1080px) 100vw, 1080px\" \/><\/figure>\n<\/figure>\n\n\n\n<p>Pour rappel, le prix Th\u00e9r\u00e8se Ndelela a \u00e9t\u00e9 instaur\u00e9 depuis 2021 Ceci sp\u00e9cialement pour honorer la m\u00e9moire de la m\u00e8re biologique de Nathalie MUSAU , qui malgr\u00e9 l&rsquo;handicap de sa fille, elle s&rsquo;est battue pour que Nathalie soit ce qu&rsquo;elle est aujourd&rsquo;hui. En outre, il a rappel\u00e9 que le second prix de la journ\u00e9e, constitue la premi\u00e8re \u00e9dition du prix orthop\u00e9diste. Dans ce second prix, Madame Nathalie Musau a pens\u00e9e aux Papas qui fabriquent des chaussures orthop\u00e9distes, dont lui m\u00eame en a eu recours aux fabrications de ces chaussures depuis plusieurs ann\u00e9es.<\/p>\n\n\n\n<p>S&rsquo;agissant de la pr\u00e9sence de l&rsquo;honorable Eliezer Tambwe dans cette activit\u00e9, le secr\u00e9taire g\u00e9n\u00e9ral de la fondation Musau se dit heureux de voir \u00e0 chaque fois qu&rsquo;il y a une manifestation qui concerne les personnes vivant avec handicap que l&rsquo;honorable \u00eatre toujours l\u00e0. Toutefois, Richard Nkololo interpelle les personnes de bon c\u0153ur a venir soutenir Madame Nathalie Musau , qui en d\u00e9pit des difficult\u00e9s qu&rsquo;il peut avoir, elle se sacrifie toujours pour ses semblables. Pour finir son propos, il souligne que les actions pos\u00e9es par Nathalie Musau en faveur des personnes vivant avec handicap sont apolitique.<\/p>\n\n\n\n<p>N\u00e9anmoins, le secr\u00e9taire g\u00e9n\u00e9ral r\u00e9fl\u00e9chit \u00e0 haute voix afin que les conditions des personnes vivant avec handicap soient \u00e9cout\u00e9 par les d\u00e9cideurs et ceci dans l&rsquo;objectif de r\u00e9serv\u00e9e un quotas de PVH dans les entreprises et aux diff\u00e9rentes institutions de la R\u00e9publique.<\/p>\n\n\n\n<figure class=\"wp-block-gallery has-nested-images columns-default is-cropped wp-block-gallery-2 is-layout-flex wp-block-gallery-is-layout-flex\">\n<figure class=\"wp-block-image size-large\"><img loading=\"lazy\" decoding=\"async\" width=\"1080\" height=\"810\" data-id=\"2535\" src=\"http:\/\/times.cd\/wp-content\/uploads\/2022\/12\/IMG-20221204-WA0189.jpg\" alt=\"\" class=\"wp-image-2535\" srcset=\"https:\/\/times.cd\/wp-content\/uploads\/2022\/12\/IMG-20221204-WA0189.jpg 1080w, https:\/\/times.cd\/wp-content\/uploads\/2022\/12\/IMG-20221204-WA0189-300x225.jpg 300w, https:\/\/times.cd\/wp-content\/uploads\/2022\/12\/IMG-20221204-WA0189-1024x768.jpg 1024w, https:\/\/times.cd\/wp-content\/uploads\/2022\/12\/IMG-20221204-WA0189-768x576.jpg 768w, https:\/\/times.cd\/wp-content\/uploads\/2022\/12\/IMG-20221204-WA0189-501x375.jpg 501w\" sizes=\"(max-width: 1080px) 100vw, 1080px\" \/><\/figure>\n<\/figure>\n\n\n\n<p>Intervenant dans une vid\u00e9o qui a \u00e9t\u00e9 retransmis dans la salle aux participants, Nathalie Musau pr\u00e9sidente de la fondation, a salu\u00e9e a sa juste valeur la journ\u00e9e internationale d\u00e9di\u00e9e aux personnes vivants avec handicap, et nous devons en profiter dit -elle.<\/p>\n\n\n\n<p>D&rsquo;apr\u00e8s lui, l&rsquo;handicap n&rsquo;est pas facile, pour la simple raison que je porte en mon propre corps cette infirmit\u00e9 depuis 40 ans et je sais c&rsquo;est quoi l&rsquo;handicap, a t-il fait savoir.<\/p>\n\n\n\n<p>Par ailleurs, elle reconnait que vivre avec l&rsquo;handicap n&rsquo;est pas une fatalit\u00e9 en soi, on peut vivre avec sans probl\u00e8me. Cependant, il faut s&rsquo;accepter, prendre l&rsquo;handicap comme un d\u00e9fi afin de r\u00e9aliser les choses \u00e9tonnantes qui poussera le monde entier \u00e0 placer leur confiance aux personnes vivants avec handicap, souligne t-elle.<\/p>\n\n\n\n<p>Elle croit que c&rsquo;est possible de vivre avec handicap en \u00e9tant heureuse. C&rsquo;est seulement question de voir la vie autrement et \u00eatre convaincu en soi-m\u00eame de pouvoir r\u00e9aliser des grandes choses.<\/p>\n\n\n\n<figure class=\"wp-block-gallery has-nested-images columns-default is-cropped wp-block-gallery-3 is-layout-flex wp-block-gallery-is-layout-flex\">\n<figure class=\"wp-block-image size-large\"><img loading=\"lazy\" decoding=\"async\" width=\"1080\" height=\"810\" data-id=\"2536\" src=\"http:\/\/times.cd\/wp-content\/uploads\/2022\/12\/IMG-20221204-WA0190.jpg\" alt=\"\" class=\"wp-image-2536\" srcset=\"https:\/\/times.cd\/wp-content\/uploads\/2022\/12\/IMG-20221204-WA0190.jpg 1080w, https:\/\/times.cd\/wp-content\/uploads\/2022\/12\/IMG-20221204-WA0190-300x225.jpg 300w, https:\/\/times.cd\/wp-content\/uploads\/2022\/12\/IMG-20221204-WA0190-1024x768.jpg 1024w, https:\/\/times.cd\/wp-content\/uploads\/2022\/12\/IMG-20221204-WA0190-768x576.jpg 768w, https:\/\/times.cd\/wp-content\/uploads\/2022\/12\/IMG-20221204-WA0190-501x375.jpg 501w\" sizes=\"(max-width: 1080px) 100vw, 1080px\" \/><\/figure>\n<\/figure>\n\n\n\n<p>Il faudrait dire que le prix de Th\u00e9r\u00e8se Ndelela a \u00e9t\u00e9 remis aux trois membres de la fondation Musau, \u00e0 savoir, Bapela Aicha Marthe, Nguva Bikuni Rosalie, et Bueya Anna.<\/p>\n\n\n\n<p>Tandis que la premi\u00e8re \u00e9dition du prix orthop\u00e9diste a \u00e9t\u00e9 remis \u00e0 Mampuya Maki, Mafuta Mukenza Patrick, Mafuela F\u00e9roce.<\/p>\n\n\n\n<p>Karl-Ituku<\/p>\n\n\n\n<figure class=\"wp-block-gallery has-nested-images columns-default is-cropped wp-block-gallery-4 is-layout-flex wp-block-gallery-is-layout-flex\"><\/figure>\n","protected":false},"excerpt":{"rendered":"<p>C&rsquo;est dans le cadre de la comm\u00e9moration de la journ\u00e9e internationale des personnes vivant avec handicap c\u00e9l\u00e9br\u00e9 chaque le 3 d\u00e9cembre, que la fondation Musau a honor\u00e9 quelques membres engag\u00e9es qui milite contre les personnes vivant avec handicap en sigle ( PVH) au sein de l&rsquo;Institut national d&rsquo;enseignement pilote de sciences et sant\u00e9. Richard Nkololo, [&hellip;]<\/p>\n","protected":false},"author":1,"featured_media":2539,"comment_status":"open","ping_status":"open","sticky":false,"template":"","format":"standard","meta":{"footnotes":""},"categories":[28],"tags":[],"_links":{"self":[{"href":"https:\/\/times.cd\/index.php\/wp-json\/wp\/v2\/posts\/2532"}],"collection":[{"href":"https:\/\/times.cd\/index.php\/wp-json\/wp\/v2\/posts"}],"about":[{"href":"https:\/\/times.cd\/index.php\/wp-json\/wp\/v2\/types\/post"}],"author":[{"embeddable":true,"href":"https:\/\/times.cd\/index.php\/wp-json\/wp\/v2\/users\/1"}],"replies":[{"embeddable":true,"href":"https:\/\/times.cd\/index.php\/wp-json\/wp\/v2\/comments?post=2532"}],"version-history":[{"count":1,"href":"https:\/\/times.cd\/index.php\/wp-json\/wp\/v2\/posts\/2532\/revisions"}],"predecessor-version":[{"id":2537,"href":"https:\/\/times.cd\/index.php\/wp-json\/wp\/v2\/posts\/2532\/revisions\/2537"}],"wp:featuredmedia":[{"embeddable":true,"href":"https:\/\/times.cd\/index.php\/wp-json\/wp\/v2\/media\/2539"}],"wp:attachment":[{"href":"https:\/\/times.cd\/index.php\/wp-json\/wp\/v2\/media?parent=2532"}],"wp:term":[{"taxonomy":"category","embeddable":true,"href":"https:\/\/times.cd\/index.php\/wp-json\/wp\/v2\/categories?post=2532"},{"taxonomy":"post_tag","embeddable":true,"href":"https:\/\/times.cd\/index.php\/wp-json\/wp\/v2\/tags?post=2532"}],"curies":[{"name":"wp","href":"https:\/\/api.w.org\/{rel}","templated":true}]}}