{"id":2437,"date":"2022-11-15T10:30:03","date_gmt":"2022-11-15T10:30:03","guid":{"rendered":"https:\/\/times.cd\/?p=2437"},"modified":"2022-11-15T10:30:04","modified_gmt":"2022-11-15T10:30:04","slug":"manifestation-contre-lagression-rwando-ougandaise-le-nouvel-elan-appelle-les-organisations-des-femmes-des-jeunes-et-partis-politiques-a-la-marche-de-ce-17-novembre","status":"publish","type":"post","link":"https:\/\/times.cd\/index.php\/2022\/11\/15\/manifestation-contre-lagression-rwando-ougandaise-le-nouvel-elan-appelle-les-organisations-des-femmes-des-jeunes-et-partis-politiques-a-la-marche-de-ce-17-novembre\/","title":{"rendered":"Manifestation contre l\u2019agression Rwando-ougandaise: Le Nouvel Elan appelle les organisations des femmes, des jeunes et partis politiques \u00e0 la marche de ce 17 novembre"},"content":{"rendered":"\n<p><\/p>\n\n\n\n<p><\/p>\n\n\n\n<p>Barrer la route aux ennemis de la paix, telle est la d\u00e9termination du parti politique Nouvel Elan qui organise une marche pacifique ce 17 novembre pour soutenir les Forces Arm\u00e9es de la R\u00e9publique au front, mais aussi contre l\u2019agression Rwando-Ougandaise.<\/p>\n\n\n\n<p>Cette manifestation publique du parti cher \u00e0 l\u2019ancien Premier Ministre Adolphe Muzito partira de l\u2019avenue Kianza dans la commune de Ngaba, pour chuter devant l\u2019ambassade de l\u2019Ouganda \u00e0 Kinshasa et exiger l\u2019expulsion de l\u2019ambassadeur ougandais accr\u00e9dit\u00e9 en R\u00e9publique D\u00e9mocratique du Congo car, consid\u00e9rant le pays de Museveni \u00eatre complice de Kigali dans les atrocit\u00e9s dans l\u2019Est du pays.<\/p>\n\n\n\n<p>\u00c9tant une manifestation sur le plan national, cette marche pacifique se tiendra dans les provinces telles que le Kwilu, le Kasa\u00ef-Oriental, le Kwango, le Kasa\u00ef, le Kasa\u00ef-Occidental, la Lomami, le Tanganyika, le Sankuru, le Ma\u00ef-Ndombe, la Mongala, la Tshuapa, le Sud-Ubangi, le Haut-U\u00e9l\u00e9, la Tshopo, le Kongo-Central, le Maniema, le Sud-Kivu, de l\u2019Ituri, le Nord-Kivu et dans d\u2019autres provinces. Et cela, en application aux 10 recommandations d\u2019Adolphe Muzito pour gagner la guerre contre le Rwanda, notamment en sa neuvi\u00e8me qui stipule qu\u2019il faut mobiliser le peuple congolais contre cette agression Rwando-ougandaise sur toute l\u2019\u00e9tendue du territoire national pour barrer la route \u00e0 l\u2019occupant.<\/p>\n\n\n\n<p>Pour ce faire, le Nouvel Elan appelle les syndicats, les associations des femmes, des jeunes et les partis politiques \u00e0 prendre massivement part \u00e0 cette marche pacifique du 17 novembre 2022.<\/p>\n\n\n\n<p>Theo Liko<\/p>\n","protected":false},"excerpt":{"rendered":"<p>Barrer la route aux ennemis de la paix, telle est la d\u00e9termination du parti politique Nouvel Elan qui organise une marche pacifique ce 17 novembre pour soutenir les Forces Arm\u00e9es de la R\u00e9publique au front, mais aussi contre l\u2019agression Rwando-Ougandaise. Cette manifestation publique du parti cher \u00e0 l\u2019ancien Premier Ministre Adolphe Muzito partira de l\u2019avenue [&hellip;]<\/p>\n","protected":false},"author":1,"featured_media":2438,"comment_status":"open","ping_status":"open","sticky":false,"template":"","format":"standard","meta":{"footnotes":""},"categories":[25],"tags":[],"_links":{"self":[{"href":"https:\/\/times.cd\/index.php\/wp-json\/wp\/v2\/posts\/2437"}],"collection":[{"href":"https:\/\/times.cd\/index.php\/wp-json\/wp\/v2\/posts"}],"about":[{"href":"https:\/\/times.cd\/index.php\/wp-json\/wp\/v2\/types\/post"}],"author":[{"embeddable":true,"href":"https:\/\/times.cd\/index.php\/wp-json\/wp\/v2\/users\/1"}],"replies":[{"embeddable":true,"href":"https:\/\/times.cd\/index.php\/wp-json\/wp\/v2\/comments?post=2437"}],"version-history":[{"count":1,"href":"https:\/\/times.cd\/index.php\/wp-json\/wp\/v2\/posts\/2437\/revisions"}],"predecessor-version":[{"id":2439,"href":"https:\/\/times.cd\/index.php\/wp-json\/wp\/v2\/posts\/2437\/revisions\/2439"}],"wp:featuredmedia":[{"embeddable":true,"href":"https:\/\/times.cd\/index.php\/wp-json\/wp\/v2\/media\/2438"}],"wp:attachment":[{"href":"https:\/\/times.cd\/index.php\/wp-json\/wp\/v2\/media?parent=2437"}],"wp:term":[{"taxonomy":"category","embeddable":true,"href":"https:\/\/times.cd\/index.php\/wp-json\/wp\/v2\/categories?post=2437"},{"taxonomy":"post_tag","embeddable":true,"href":"https:\/\/times.cd\/index.php\/wp-json\/wp\/v2\/tags?post=2437"}],"curies":[{"name":"wp","href":"https:\/\/api.w.org\/{rel}","templated":true}]}}