{"id":2419,"date":"2022-11-13T18:12:43","date_gmt":"2022-11-13T18:12:43","guid":{"rendered":"https:\/\/times.cd\/?p=2419"},"modified":"2022-11-13T18:12:44","modified_gmt":"2022-11-13T18:12:44","slug":"kinshasa-la-4eme-edition-du-forum-international-des-femmes-la-particularite-de-cette-edition-cest-le-digital-gisele-katal","status":"publish","type":"post","link":"https:\/\/times.cd\/index.php\/2022\/11\/13\/kinshasa-la-4eme-edition-du-forum-international-des-femmes-la-particularite-de-cette-edition-cest-le-digital-gisele-katal\/","title":{"rendered":"Kinshasa : la 4\u00e8me \u00e9dition du \u00ab Forum International des Femmes, \u00ab\u00a0la particularit\u00e9 de cette \u00e9dition, c&rsquo;est le digital\u00a0\u00bb (Gis\u00e8le Katal)"},"content":{"rendered":"\n<p><\/p>\n\n\n\n<p><\/p>\n\n\n\n<p>Organis\u00e9e par GIKA Corporation, la ministre de la Formation Professionnelle, Arts et M\u00e9tiers (FPAM), Antoinette Kipulu<br>a lanc\u00e9 officielement, la 4\u00e8me \u00e9dition du Forum International des Femmes ce jeudi 10 novembre 2022 \u00e0 Kinshasa, la capitale de la R\u00e9publique d\u00e9mocratique du Congo.<\/p>\n\n\n\n<p>Pour cette \u00e9dition qui va se d\u00e9rouler pendant 3 jours, soit jusqu&rsquo;au 13 novembre prochain, a pour th\u00e8me : \u00ab Les enjeux du digital en Afrique par les femmes, pour un monde meilleur \u00bb.<\/p>\n\n\n\n<p>Dans une interview accord\u00e9e \u00e0 la presse \u00e0 l&rsquo;issue de la c\u00e9r\u00e9monie du lancement, Gis\u00e8le Katal, g\u00e9n\u00e9ral manager de GIKA Corporation, a soulign\u00e9 que ce forum est une opportunit\u00e9 pour sensibiliser les femmes aux avantages que procure le digital.<\/p>\n\n\n\n<p>\u00ab Cet outil qui est le digital reste aujourd&rsquo;hui incontournable pour le d\u00e9veloppement de la femme dans tous les domaines qu&rsquo;elle pourra exercer (\u2026) Nous devons vraiment prendre conscience que le monde est en train d&rsquo;\u00e9voluer et nous devons nous mettre \u00e0 jour \u00bb, a-t-elle d\u00e9clar\u00e9.<\/p>\n\n\n\n<p>Pour ce qui est de la particularit\u00e9 de cette \u00e9dition, Gis\u00e8le Katal a fait savoir que rien que le th\u00e8me retenu en est une.<\/p>\n\n\n\n<p>Droits tiers<\/p>\n\n\n\n<p>\u00ab La particularit\u00e9 de cette \u00e9dition, c&rsquo;est les enjeux. Nous parlons du digital. Les \u00e9ditions pr\u00e9c\u00e9dentes n&rsquo;avaient pas le m\u00eame th\u00e8me (\u2026) chaque \u00e9dition nous l&rsquo;adaptant par rapport aux informations qui circulent autour de nous \u00bb, a-t-elle rench\u00e9ri.<\/p>\n\n\n\n<p>Pour sa part, la ministre de la Formation Professionnelle, Antoinette Kipulu Kabenga, a salu\u00e9 cette initiative de GIKA Corporation, avant de promettre son soutien pour le d\u00e9veloppement des travaux. Elle a aussi rappel\u00e9 que la formation professionnelle occupe une place de choix dans le programme du Gouvernement, conform\u00e9ment \u00e0 la vision du pr\u00e9sident Tshisekedi.<\/p>\n\n\n\n<p>Plusieurs ateliers et expos\u00e9s sur les investissements avec des experts dans le but de permettre aux femmes d&rsquo;avoir de nouvelles perspectives dans leurs divers domaines d&rsquo;activit\u00e9, sont au menu de ce Forum.<\/p>\n\n\n\n<figure class=\"wp-block-gallery has-nested-images columns-default is-cropped wp-block-gallery-1 is-layout-flex wp-block-gallery-is-layout-flex\">\n<figure class=\"wp-block-image size-large\"><img loading=\"lazy\" decoding=\"async\" width=\"720\" height=\"479\" data-id=\"2421\" src=\"http:\/\/times.cd\/wp-content\/uploads\/2022\/11\/FB_IMG_1668362961164.jpg\" alt=\"\" class=\"wp-image-2421\" srcset=\"https:\/\/times.cd\/wp-content\/uploads\/2022\/11\/FB_IMG_1668362961164.jpg 720w, https:\/\/times.cd\/wp-content\/uploads\/2022\/11\/FB_IMG_1668362961164-300x200.jpg 300w, https:\/\/times.cd\/wp-content\/uploads\/2022\/11\/FB_IMG_1668362961164-345x230.jpg 345w, https:\/\/times.cd\/wp-content\/uploads\/2022\/11\/FB_IMG_1668362961164-370x247.jpg 370w, https:\/\/times.cd\/wp-content\/uploads\/2022\/11\/FB_IMG_1668362961164-440x294.jpg 440w, https:\/\/times.cd\/wp-content\/uploads\/2022\/11\/FB_IMG_1668362961164-570x380.jpg 570w, https:\/\/times.cd\/wp-content\/uploads\/2022\/11\/FB_IMG_1668362961164-170x113.jpg 170w\" sizes=\"(max-width: 720px) 100vw, 720px\" \/><\/figure>\n<\/figure>\n\n\n\n<p>Emp\u00each\u00e9, le ministre des PT-NTIC, Augustin Kibassa, a \u00e9t\u00e9 repr\u00e9sent\u00e9 par son directeur de cabinet. Signalons aussi que des femmes de diff\u00e9rentes cat\u00e9gories sociales de la R\u00e9publique d\u00e9mocratique du Congo prennent part \u00e0 ce Forum.<\/p>\n\n\n\n<p>Droits tiers<\/p>\n\n\n\n<p>En outre, une d\u00e9l\u00e9gation venue du Gabon, pays \u00e0 l\u2019honneur, conduite notamment par la marraine de cette 4\u00e8me \u00e9dition, prend aussi part \u00e0 ce Forum.<\/p>\n\n\n\n<figure class=\"wp-block-gallery has-nested-images columns-default is-cropped wp-block-gallery-2 is-layout-flex wp-block-gallery-is-layout-flex\">\n<figure class=\"wp-block-image size-large\"><img loading=\"lazy\" decoding=\"async\" width=\"720\" height=\"1019\" data-id=\"2422\" src=\"http:\/\/times.cd\/wp-content\/uploads\/2022\/11\/FB_IMG_1668363003069.jpg\" alt=\"\" class=\"wp-image-2422\" srcset=\"https:\/\/times.cd\/wp-content\/uploads\/2022\/11\/FB_IMG_1668363003069.jpg 720w, https:\/\/times.cd\/wp-content\/uploads\/2022\/11\/FB_IMG_1668363003069-212x300.jpg 212w\" sizes=\"(max-width: 720px) 100vw, 720px\" \/><\/figure>\n<\/figure>\n\n\n\n<p>Pour rappel, GIKA Corporation est un cabinet conseil, sp\u00e9cialis\u00e9 dans le coaching du d\u00e9veloppement personnel et professionnel, expert en formation continue dans plusieurs pays en Afrique et en Europe. Parmi ses objectifs, on note \u00e9galement le renforcement des capacit\u00e9s des managers afin de relever les diff\u00e9rents nouveaux d\u00e9fis qui sont les leurs dans ce 3\u00e8me mill\u00e9naire.<\/p>\n\n\n\n<p>7sur7.cd\/Times.cd<\/p>\n\n\n\n<figure class=\"wp-block-gallery has-nested-images columns-default is-cropped wp-block-gallery-3 is-layout-flex wp-block-gallery-is-layout-flex\"><\/figure>\n","protected":false},"excerpt":{"rendered":"<p>Organis\u00e9e par GIKA Corporation, la ministre de la Formation Professionnelle, Arts et M\u00e9tiers (FPAM), Antoinette Kipulua lanc\u00e9 officielement, la 4\u00e8me \u00e9dition du Forum International des Femmes ce jeudi 10 novembre 2022 \u00e0 Kinshasa, la capitale de la R\u00e9publique d\u00e9mocratique du Congo. Pour cette \u00e9dition qui va se d\u00e9rouler pendant 3 jours, soit jusqu&rsquo;au 13 novembre [&hellip;]<\/p>\n","protected":false},"author":1,"featured_media":2420,"comment_status":"open","ping_status":"open","sticky":false,"template":"","format":"standard","meta":{"footnotes":""},"categories":[25],"tags":[],"_links":{"self":[{"href":"https:\/\/times.cd\/index.php\/wp-json\/wp\/v2\/posts\/2419"}],"collection":[{"href":"https:\/\/times.cd\/index.php\/wp-json\/wp\/v2\/posts"}],"about":[{"href":"https:\/\/times.cd\/index.php\/wp-json\/wp\/v2\/types\/post"}],"author":[{"embeddable":true,"href":"https:\/\/times.cd\/index.php\/wp-json\/wp\/v2\/users\/1"}],"replies":[{"embeddable":true,"href":"https:\/\/times.cd\/index.php\/wp-json\/wp\/v2\/comments?post=2419"}],"version-history":[{"count":1,"href":"https:\/\/times.cd\/index.php\/wp-json\/wp\/v2\/posts\/2419\/revisions"}],"predecessor-version":[{"id":2423,"href":"https:\/\/times.cd\/index.php\/wp-json\/wp\/v2\/posts\/2419\/revisions\/2423"}],"wp:featuredmedia":[{"embeddable":true,"href":"https:\/\/times.cd\/index.php\/wp-json\/wp\/v2\/media\/2420"}],"wp:attachment":[{"href":"https:\/\/times.cd\/index.php\/wp-json\/wp\/v2\/media?parent=2419"}],"wp:term":[{"taxonomy":"category","embeddable":true,"href":"https:\/\/times.cd\/index.php\/wp-json\/wp\/v2\/categories?post=2419"},{"taxonomy":"post_tag","embeddable":true,"href":"https:\/\/times.cd\/index.php\/wp-json\/wp\/v2\/tags?post=2419"}],"curies":[{"name":"wp","href":"https:\/\/api.w.org\/{rel}","templated":true}]}}