{"id":2397,"date":"2022-11-10T16:42:50","date_gmt":"2022-11-10T16:42:50","guid":{"rendered":"https:\/\/times.cd\/?p=2397"},"modified":"2022-11-10T16:48:09","modified_gmt":"2022-11-10T16:48:09","slug":"lualaba-en-sejour-officiel-lambassadeur-de-la-zambie-a-rencontre-les-membres-du-gouvernement-f-masuka","status":"publish","type":"post","link":"https:\/\/times.cd\/index.php\/2022\/11\/10\/lualaba-en-sejour-officiel-lambassadeur-de-la-zambie-a-rencontre-les-membres-du-gouvernement-f-masuka\/","title":{"rendered":"Lualaba: En s\u00e9jour officiel l&rsquo;Ambassadeur de la Zambie a rencontr\u00e9 les membres du gouvernement F.Masuka"},"content":{"rendered":"\n<p><\/p>\n\n\n\n<p><\/p>\n\n\n\n<p>Il se passe toujours quelque chose au Lualaba pas plus tard qu&rsquo;hier, le nouvel ambassadeur de la R\u00e9publique de la Zambie en R\u00e9publique D\u00e9mocratique du Congo, Paulo Kosita, accompagn\u00e9 du consul g\u00e9n\u00e9ral de Lubumbashi, a rencontr\u00e9 ce lundi 07 novembre 2022, le ministre provincial de l&rsquo;int\u00e9rieur et s\u00e9curit\u00e9, D\u00e9odat Kapenda wa Kapenda, dans son cabinet de travail pour notamment le renforcement des relations entre la Zambie et la RDC. Parmi les ministres qui ont \u00e9chang\u00e9 avec la d\u00e9l\u00e9gation de l&rsquo;ambassadeur Zambien, le Ministre des Mines Jacques Kaumba s&rsquo;est entretenu \u00e9galement avec le diplomate sur les questions relatives avec son secteur.<\/p>\n\n\n\n<figure class=\"wp-block-gallery has-nested-images columns-default is-cropped wp-block-gallery-1 is-layout-flex wp-block-gallery-is-layout-flex\">\n<figure class=\"wp-block-image size-large\"><img loading=\"lazy\" decoding=\"async\" width=\"960\" height=\"984\" data-id=\"2407\" src=\"http:\/\/times.cd\/wp-content\/uploads\/2022\/11\/IMG-20221110-WA0108-2.jpg\" alt=\"\" class=\"wp-image-2407\" srcset=\"https:\/\/times.cd\/wp-content\/uploads\/2022\/11\/IMG-20221110-WA0108-2.jpg 960w, https:\/\/times.cd\/wp-content\/uploads\/2022\/11\/IMG-20221110-WA0108-2-293x300.jpg 293w, https:\/\/times.cd\/wp-content\/uploads\/2022\/11\/IMG-20221110-WA0108-2-768x787.jpg 768w\" sizes=\"(max-width: 960px) 100vw, 960px\" \/><\/figure>\n<\/figure>\n\n\n\n<p>A l&rsquo;ussue de cet entretien, le d\u00e9l\u00e9gu\u00e9 du pr\u00e9sident zambien Akainde Ichilema s&rsquo;exprim\u00e9 en ses termes \u00ab\u00a0Les pourparlers avec le repr\u00e9sentant de la gouverneure, Fifi Masuka ont \u00e9t\u00e9 fructueux\u00a0\u00bb. Par la suite, Paulo Kosita a eu un t\u00eate \u00e0 t\u00eate avec le Ministre provincial des infrastructures C\u00e9lestin Mashata , au sujet du dossier li\u00e9 \u00e0 l&rsquo;\u00e9tat de lieux des chantiers au Lualaba \u00e9tait au centre de leur dialogue.<\/p>\n\n\n\n<figure class=\"wp-block-gallery has-nested-images columns-default is-cropped wp-block-gallery-2 is-layout-flex wp-block-gallery-is-layout-flex\">\n<figure class=\"wp-block-image size-large\"><img loading=\"lazy\" decoding=\"async\" width=\"715\" height=\"665\" data-id=\"2408\" src=\"http:\/\/times.cd\/wp-content\/uploads\/2022\/11\/IMG-20221110-WA0107-1.jpg\" alt=\"\" class=\"wp-image-2408\" srcset=\"https:\/\/times.cd\/wp-content\/uploads\/2022\/11\/IMG-20221110-WA0107-1.jpg 715w, https:\/\/times.cd\/wp-content\/uploads\/2022\/11\/IMG-20221110-WA0107-1-300x279.jpg 300w\" sizes=\"(max-width: 715px) 100vw, 715px\" \/><\/figure>\n<\/figure>\n\n\n\n<p>Pour sa premi\u00e8re mission officielle dans le Lualaba, 2 mois apr\u00e8s son affectation en terre congolaise, le diplomate Zambien a abord\u00e9 avec les repr\u00e9sentants de Fifi Masuka plusieurs questions d\u2019int\u00e9r\u00eat commun entre la Zambi et la RDC, \u00e0 travers le Lualaba mais aussi sur les d\u00e9fis auxquels fait face la province notamment dans le domaine \u00e9conomique et agricole.<\/p>\n\n\n\n<p>Le ministre des Mines Jacques Kaumba a pour sa part, promis sa franche collaboration pour booster l\u2019\u00e9conomie entre les deux pays.<\/p>\n\n\n\n<p>Merveille Mad\u00e9\/ Times.cd<\/p>\n","protected":false},"excerpt":{"rendered":"<p>Il se passe toujours quelque chose au Lualaba pas plus tard qu&rsquo;hier, le nouvel ambassadeur de la R\u00e9publique de la Zambie en R\u00e9publique D\u00e9mocratique du Congo, Paulo Kosita, accompagn\u00e9 du consul g\u00e9n\u00e9ral de Lubumbashi, a rencontr\u00e9 ce lundi 07 novembre 2022, le ministre provincial de l&rsquo;int\u00e9rieur et s\u00e9curit\u00e9, D\u00e9odat Kapenda wa Kapenda, dans son cabinet [&hellip;]<\/p>\n","protected":false},"author":1,"featured_media":2404,"comment_status":"open","ping_status":"open","sticky":false,"template":"","format":"standard","meta":{"footnotes":""},"categories":[25,1],"tags":[],"_links":{"self":[{"href":"https:\/\/times.cd\/index.php\/wp-json\/wp\/v2\/posts\/2397"}],"collection":[{"href":"https:\/\/times.cd\/index.php\/wp-json\/wp\/v2\/posts"}],"about":[{"href":"https:\/\/times.cd\/index.php\/wp-json\/wp\/v2\/types\/post"}],"author":[{"embeddable":true,"href":"https:\/\/times.cd\/index.php\/wp-json\/wp\/v2\/users\/1"}],"replies":[{"embeddable":true,"href":"https:\/\/times.cd\/index.php\/wp-json\/wp\/v2\/comments?post=2397"}],"version-history":[{"count":2,"href":"https:\/\/times.cd\/index.php\/wp-json\/wp\/v2\/posts\/2397\/revisions"}],"predecessor-version":[{"id":2409,"href":"https:\/\/times.cd\/index.php\/wp-json\/wp\/v2\/posts\/2397\/revisions\/2409"}],"wp:featuredmedia":[{"embeddable":true,"href":"https:\/\/times.cd\/index.php\/wp-json\/wp\/v2\/media\/2404"}],"wp:attachment":[{"href":"https:\/\/times.cd\/index.php\/wp-json\/wp\/v2\/media?parent=2397"}],"wp:term":[{"taxonomy":"category","embeddable":true,"href":"https:\/\/times.cd\/index.php\/wp-json\/wp\/v2\/categories?post=2397"},{"taxonomy":"post_tag","embeddable":true,"href":"https:\/\/times.cd\/index.php\/wp-json\/wp\/v2\/tags?post=2397"}],"curies":[{"name":"wp","href":"https:\/\/api.w.org\/{rel}","templated":true}]}}