{"id":2389,"date":"2022-11-09T17:07:29","date_gmt":"2022-11-09T17:07:29","guid":{"rendered":"https:\/\/times.cd\/?p=2389"},"modified":"2022-11-09T17:07:30","modified_gmt":"2022-11-09T17:07:30","slug":"remise-et-reprise-a-la-snel-le-nouveau-dg-promet-aux-consommateurs-un-travail-de-qualite","status":"publish","type":"post","link":"https:\/\/times.cd\/index.php\/2022\/11\/09\/remise-et-reprise-a-la-snel-le-nouveau-dg-promet-aux-consommateurs-un-travail-de-qualite\/","title":{"rendered":"Remise et reprise \u00e0 la SNEL: le nouveau Dg promet aux consommateurs un travail de qualit\u00e9"},"content":{"rendered":"\n<p><\/p>\n\n\n\n<p><\/p>\n\n\n\n<p>C\u2019est lors de la remise et reprise que le nouveau Directeur G\u00e9n\u00e9ral de la Soci\u00e9t\u00e9 Nationale de l\u2019Electricit\u00e9 (SNEL SA),Fabrice Lusinde a exhort\u00e9, samedi 22 octobre 2022, les agents et cadres de cette soci\u00e9t\u00e9 a l\u2019assiduit\u00e9 et \u00e0 un travail de qualit\u00e9, tout en les appelant au calme et \u00e0 la Pascience.<\/p>\n\n\n\n<p>En effet, cette nouvelle \u00e9quipe aura probablement pour mission : la r\u00e9duction des poches noires dans les grandes villes et l\u2019am\u00e9lioration de la desserte au niveau national, la relance du plan de redressement de l\u2019entreprise et du programme d\u2019investissement afin d\u2019augmenter la capacit\u00e9 de production de SNEL et de r\u00e9pondre \u00e0 la demande \u00e9nerg\u00e9tique croissante dans le pays (m\u00e9nages, industries, etc.)<\/p>\n\n\n\n<figure class=\"wp-block-gallery has-nested-images columns-default is-cropped wp-block-gallery-1 is-layout-flex wp-block-gallery-is-layout-flex\">\n<figure class=\"wp-block-image size-large\"><img loading=\"lazy\" decoding=\"async\" width=\"1024\" height=\"768\" data-id=\"2391\" src=\"http:\/\/times.cd\/wp-content\/uploads\/2022\/11\/IMG-20221109-WA0182.jpg\" alt=\"\" class=\"wp-image-2391\" srcset=\"https:\/\/times.cd\/wp-content\/uploads\/2022\/11\/IMG-20221109-WA0182.jpg 1024w, https:\/\/times.cd\/wp-content\/uploads\/2022\/11\/IMG-20221109-WA0182-300x225.jpg 300w, https:\/\/times.cd\/wp-content\/uploads\/2022\/11\/IMG-20221109-WA0182-768x576.jpg 768w, https:\/\/times.cd\/wp-content\/uploads\/2022\/11\/IMG-20221109-WA0182-501x375.jpg 501w\" sizes=\"(max-width: 1024px) 100vw, 1024px\" \/><\/figure>\n<\/figure>\n\n\n\n<p>\u00ab Je prends l\u2019engagement de promettre un travail de qualit\u00e9, qui est de donner \u00e0 nos consommateurs l\u2019\u00e9lectricit\u00e9 de qualit\u00e9 pour r\u00e9pondre \u00e0 vision du Pr\u00e9sident de R\u00e9publique, F\u00e9lix Tshisekedi, qui le peuple d\u2019abord. Faites en sorte que nous puissions travailler dans l\u2019unit\u00e9 et la main dans la main. C\u2019est s\u00fbr que nous saurions pas faire tout dans la fois, mais nous allons nous battre moi et l\u2019ensemble de mon \u00e9quipe pour r\u00e9pondre aux besoins des nos abonn\u00e9s .Les r\u00e9calcitrants s\u2019en prendront \u00e0 eux-m\u00eames\u00ab , a-t-il exhort\u00e9 \u00e0 l\u2019assistance pr\u00e9sent dans cette c\u00e9r\u00e9monie&nbsp;\u00bb.<\/p>\n\n\n\n<p>Rappelons que , Kisolokele Tiamba Mfumu va occuper le poste de pr\u00e9sident du conseil d&rsquo;administration. Fabrice Lusinde Wa Lusangi Kabemba qui \u00e9tait Directeur G\u00e9n\u00e9ral adjoint, actuel Directeur G\u00e9n\u00e9ral et Luambwa Mubatedi occupera le poste de Directeur G\u00e9n\u00e9ral adjoint.<\/p>\n\n\n\n<p>Notons par ailleurs que, la Soci\u00e9t\u00e9 nationale de l\u2019\u00e9lectricit\u00e9 (SNEL SA) a \u00e9t\u00e9 cr\u00e9\u00e9e comme une entreprise publique devant produire et servir du courant \u00e9lectrique \u00e0 moindre co\u00fbt pour les m\u00e9nages et pour les entreprises install\u00e9es sur l\u2019ensemble du pays. Cependant, cette entreprise, dans son \u00e9volution, n\u2019a pas \u00e9chapp\u00e9 \u00e0 la crise socio-\u00e9conomique ayant secou\u00e9 la RDC dans les ann\u00e9es 90 avec comme cons\u00e9quence la baisse de la qualit\u00e9 des services surtout dans la desserte de l\u2019\u00e9nergie domestique \u00e0 Kinshasa et dans d\u2019autres provinces de la RDC.<\/p>\n\n\n\n<p>Michel Onengombe\/ Temes.cd<\/p>\n","protected":false},"excerpt":{"rendered":"<p>C\u2019est lors de la remise et reprise que le nouveau Directeur G\u00e9n\u00e9ral de la Soci\u00e9t\u00e9 Nationale de l\u2019Electricit\u00e9 (SNEL SA),Fabrice Lusinde a exhort\u00e9, samedi 22 octobre 2022, les agents et cadres de cette soci\u00e9t\u00e9 a l\u2019assiduit\u00e9 et \u00e0 un travail de qualit\u00e9, tout en les appelant au calme et \u00e0 la Pascience. En effet, cette [&hellip;]<\/p>\n","protected":false},"author":1,"featured_media":2390,"comment_status":"open","ping_status":"open","sticky":false,"template":"","format":"standard","meta":{"footnotes":""},"categories":[25],"tags":[],"_links":{"self":[{"href":"https:\/\/times.cd\/index.php\/wp-json\/wp\/v2\/posts\/2389"}],"collection":[{"href":"https:\/\/times.cd\/index.php\/wp-json\/wp\/v2\/posts"}],"about":[{"href":"https:\/\/times.cd\/index.php\/wp-json\/wp\/v2\/types\/post"}],"author":[{"embeddable":true,"href":"https:\/\/times.cd\/index.php\/wp-json\/wp\/v2\/users\/1"}],"replies":[{"embeddable":true,"href":"https:\/\/times.cd\/index.php\/wp-json\/wp\/v2\/comments?post=2389"}],"version-history":[{"count":1,"href":"https:\/\/times.cd\/index.php\/wp-json\/wp\/v2\/posts\/2389\/revisions"}],"predecessor-version":[{"id":2392,"href":"https:\/\/times.cd\/index.php\/wp-json\/wp\/v2\/posts\/2389\/revisions\/2392"}],"wp:featuredmedia":[{"embeddable":true,"href":"https:\/\/times.cd\/index.php\/wp-json\/wp\/v2\/media\/2390"}],"wp:attachment":[{"href":"https:\/\/times.cd\/index.php\/wp-json\/wp\/v2\/media?parent=2389"}],"wp:term":[{"taxonomy":"category","embeddable":true,"href":"https:\/\/times.cd\/index.php\/wp-json\/wp\/v2\/categories?post=2389"},{"taxonomy":"post_tag","embeddable":true,"href":"https:\/\/times.cd\/index.php\/wp-json\/wp\/v2\/tags?post=2389"}],"curies":[{"name":"wp","href":"https:\/\/api.w.org\/{rel}","templated":true}]}}