{"id":2383,"date":"2022-11-09T12:30:40","date_gmt":"2022-11-09T12:30:40","guid":{"rendered":"https:\/\/times.cd\/?p=2383"},"modified":"2022-11-09T12:30:41","modified_gmt":"2022-11-09T12:30:41","slug":"madeleine-nikomba-a-charm-el-cheik-en-egypte-pour-la-cop27-10-ministres-provinciaux-nommes-font-leur-remise-et-reprise-a-kisangani","status":"publish","type":"post","link":"https:\/\/times.cd\/index.php\/2022\/11\/09\/madeleine-nikomba-a-charm-el-cheik-en-egypte-pour-la-cop27-10-ministres-provinciaux-nommes-font-leur-remise-et-reprise-a-kisangani\/","title":{"rendered":"Madeleine NIKOMBA \u00e0 Charm El-Cheik en Egypte pour la COP27, 10 MINISTRES PROVINCIAUX NOMMES FONT LEUR REMISE ET REPRISE A KISANGANI."},"content":{"rendered":"\n<p><\/p>\n\n\n\n<p><\/p>\n\n\n\n<p>48 heures ont suffit \u00e0 la nouvelle locataire du Gouvernorat de la Tshopo, Nous citons Madeleine NIKOMBA SABANGU pour organiser dans les meilleures conditions qui puisse l\u2019\u00eatre bien qu\u2019\u00e9tant hors de sa province ch\u00e8re, l&rsquo;activit\u00e9 de la passation civilis\u00e9e du pouvoir entre Ministres provinciaux de son Gouvernement entrant et Chefs de division qui exp\u00e9diaient jusqu&rsquo;ici pour chacun de ce qui le concerne les affaires courantes pour la Province.<\/p>\n\n\n\n<p>Cependant, lanc\u00e9e dans les avants-midi du Mardi par le Cabinet des ITPR avec l&rsquo;entrant Hon. MWAMINI L\u00e9onie en passant par celui des transports voies de communications avec \u00e0 la cl\u00e9 M. BAHUMA puis celui de la Sant\u00e9, fonctions publiques en suite For\u00eat, Environnement, Agriculture, p\u00eache et etc. puis EPST et Finances pour n&rsquo;en citer que ceux-l\u00e0, ces activit\u00e9s telles que sup\u00e9rvis\u00e9es par le Vice Gouverneur faisant l\u2019int\u00e9rim Hon. LENDONGOLIA se sont d\u00e9roul\u00e9es dans un climat apais\u00e9 ainsi que de confiance.<\/p>\n\n\n\n<p><em>UN D\u00c9FI<\/em> !<\/p>\n\n\n\n<p>De son speach, Paulin Lendogolia, qui, avant tout a remerci\u00e9 \u00e0 sa juste valeur le Pr\u00e9sident de la R\u00e9publique  F Tshisekedi d&rsquo;avoir bien voulu investir \u00e0 la t\u00eate de la plus vaste province de la Rdc de sa Gouverneure \u00e9lue par les d\u00e9put\u00e9s provinciaux, la S\u00e9natrice NIKOMBA afin de voir la province de TSHOPO se doter d\u2019un gouvernement acquis au changement mais aussi engag\u00e9 \u00e0 l\u2019essor de la population, poursuivant son speech tout en prenant acte de leur installation \u00e9ffective apr\u00e8s signature de PV portant r\u00e9mise et reprise, exaurt\u00e9 chacun de ces Minipro dans leur domaine respectif de travailler r\u00e9solument en faveur de l&rsquo;int\u00e9r\u00eat g\u00e9n\u00e9rale des tshopolaises et tshopolais tout \u00e0 les app\u00e9llant tous de b\u00e2nir tout esprit de tribalisme mais surtout de mat\u00e9rialiser le cr\u00e9do : \u00a0\u00bb Tshopo il faut e bonga \u00a0\u00bb ainsi se ranger derri\u00e8re la vision \u00e9clair\u00e9e qui se rapporte au d\u00e9veloppement de la R\u00e9publique D\u00e9mocratique du Congo \u00e0 l&rsquo;horizon 2023.<\/p>\n\n\n\n<p>\u00c0 S\u2019ATTENDRE LES TSHOPOLAIS ?<\/p>\n\n\n\n<figure class=\"wp-block-gallery has-nested-images columns-default is-cropped wp-block-gallery-1 is-layout-flex wp-block-gallery-is-layout-flex\">\n<figure class=\"wp-block-image size-large\"><img loading=\"lazy\" decoding=\"async\" width=\"1080\" height=\"608\" data-id=\"2385\" src=\"http:\/\/times.cd\/wp-content\/uploads\/2022\/11\/IMG-20221109-WA0123.jpg\" alt=\"\" class=\"wp-image-2385\" srcset=\"https:\/\/times.cd\/wp-content\/uploads\/2022\/11\/IMG-20221109-WA0123.jpg 1080w, https:\/\/times.cd\/wp-content\/uploads\/2022\/11\/IMG-20221109-WA0123-300x169.jpg 300w, https:\/\/times.cd\/wp-content\/uploads\/2022\/11\/IMG-20221109-WA0123-1024x576.jpg 1024w, https:\/\/times.cd\/wp-content\/uploads\/2022\/11\/IMG-20221109-WA0123-768x432.jpg 768w\" sizes=\"(max-width: 1080px) 100vw, 1080px\" \/><\/figure>\n<\/figure>\n\n\n\n<p>Pour sa part, Sieur <em>ASUMANI MAGOPIA Patrick<\/em>, pleinement Ministre provincial au porte-feuil de For\u00eats, Environnement, Agriculture, p\u00eache, \u00e9levage, Tourisme, D\u00e9veloppement rurale et durable a, face \u00e0 la presse Boyomaise promit de tout mettre en oeuvre en jonction avec l&rsquo;\u00e9quipe de son cabinet qui sera aussi t\u00f4t  compos\u00e9e en vue de travailler dur dans ce sens \u00e0 booster cette province au regard de ses ressources naturelles qu&rsquo;elle regorge. Occasion, au cours de cet entretien d\u00e9roul\u00e9 en son cabinet minist\u00e9riel que le ministre Patrick \u00e0 l\u2019environnement parle des issues aspir\u00e9es des assises du Cop27 de charm El-Cheik en Egypte o\u00f9 prend part active la Gouverneure M. Nikomba.<\/p>\n\n\n\n<p>A la question du Journaliste Jason Lohose de Times.cd. se rapportant sur la place qu&rsquo;occuperait la femme dans son plan d&rsquo;action, ce dernier avec un c\u0153ur ouvert \u00e9voquant l\u2019exemple de la 1\u00e8re dame et 4\u00e8me Gouv de la tshopo promet sans etermouement la prise en compte de l&rsquo;expertise de la f\u00e9minine tshopolaise, se r\u00e9f\u00e9rant m\u00eame en sourdine de la Docteur Nadine CHALA CHALA enseignante \u00e0 l&rsquo;Unikis, producteur d&rsquo;une th\u00e8se en DROIT INTERNATIONAL SUR LA PROTECTION DE L&rsquo;ENVIRONNEMENT qui se montre toujours pr\u00eate \u00e0 mettre son savoir-faire en faveur du d\u00e9veloppement de sa province.<\/p>\n\n\n\n<figure class=\"wp-block-gallery has-nested-images columns-default is-cropped wp-block-gallery-2 is-layout-flex wp-block-gallery-is-layout-flex\">\n<figure class=\"wp-block-image size-large\"><img loading=\"lazy\" decoding=\"async\" width=\"1080\" height=\"608\" data-id=\"2386\" src=\"http:\/\/times.cd\/wp-content\/uploads\/2022\/11\/IMG-20221109-WA0124.jpg\" alt=\"\" class=\"wp-image-2386\" srcset=\"https:\/\/times.cd\/wp-content\/uploads\/2022\/11\/IMG-20221109-WA0124.jpg 1080w, https:\/\/times.cd\/wp-content\/uploads\/2022\/11\/IMG-20221109-WA0124-300x169.jpg 300w, https:\/\/times.cd\/wp-content\/uploads\/2022\/11\/IMG-20221109-WA0124-1024x576.jpg 1024w, https:\/\/times.cd\/wp-content\/uploads\/2022\/11\/IMG-20221109-WA0124-768x432.jpg 768w\" sizes=\"(max-width: 1080px) 100vw, 1080px\" \/><\/figure>\n<\/figure>\n\n\n\n<p>Notons, Des attentes combien exigeantes que nourris les tshopolais \u00e0 l&rsquo;\u00e9gard de ce gouvernement, qui, d\u00e9sormais aux affaires devra s&rsquo;assumer afin d&rsquo;apporter des solutions idoines face aux d\u00e9llabrement significatif des routes ainsi que de la voirie-urbaine, la d\u00e9serte en eau potable et \u00e9lectricit\u00e9, l&rsquo;insecurit\u00e9 d\u00fbe au ph\u00e9nom\u0117ne EVAPO dont son point\u00e9 du doigts les factions de KULUNA, la r\u00e9lance agricole, l&rsquo;occupation des jeunes, la r\u00e9lance de sport, appui aux secteurs de la sant\u00e9 pub ainsi que l&rsquo;\u00e9ducation de base, la r\u00e9gularisation de l&rsquo;administration provinciale avec la R\u00e9gie-Tshp ( DGRPT). Br\u00e8f, des d\u00e9fits \u00e9normes. Ainsi, la grande figure absente fut Mme MUNUMBI Kamba Annelle, qui aura prit le vol pour Paris au lendemain de sa nomination Minipro des Mines, hydro-carbure, \u00e9nergie et ressource naturelle qui s&rsquo;annonce sous peu \u00e0 Kisangani, rapportent des sources proches.<\/p>\n\n\n\n<figure class=\"wp-block-gallery has-nested-images columns-default is-cropped wp-block-gallery-3 is-layout-flex wp-block-gallery-is-layout-flex\">\n<figure class=\"wp-block-image size-large\"><img loading=\"lazy\" decoding=\"async\" width=\"1080\" height=\"608\" data-id=\"2387\" src=\"http:\/\/times.cd\/wp-content\/uploads\/2022\/11\/IMG-20221109-WA0126.jpg\" alt=\"\" class=\"wp-image-2387\" srcset=\"https:\/\/times.cd\/wp-content\/uploads\/2022\/11\/IMG-20221109-WA0126.jpg 1080w, https:\/\/times.cd\/wp-content\/uploads\/2022\/11\/IMG-20221109-WA0126-300x169.jpg 300w, https:\/\/times.cd\/wp-content\/uploads\/2022\/11\/IMG-20221109-WA0126-1024x576.jpg 1024w, https:\/\/times.cd\/wp-content\/uploads\/2022\/11\/IMG-20221109-WA0126-768x432.jpg 768w\" sizes=\"(max-width: 1080px) 100vw, 1080px\" \/><\/figure>\n<\/figure>\n\n\n\n<p>Rappellons, Pour la toute premi\u00e8re fois 3 de ces minist\u00e8res sur 11 de ces membres du gouvernement provinciale sont des femmes, une toute une touche particuli\u00e8re dont les tshopolais reconnaissent la bravoure \u00e0 NIKOMBA<\/p>\n\n\n\n<p>Jason Lohose\/Times.cd<br><\/p>\n","protected":false},"excerpt":{"rendered":"<p>48 heures ont suffit \u00e0 la nouvelle locataire du Gouvernorat de la Tshopo, Nous citons Madeleine NIKOMBA SABANGU pour organiser dans les meilleures conditions qui puisse l\u2019\u00eatre bien qu\u2019\u00e9tant hors de sa province ch\u00e8re, l&rsquo;activit\u00e9 de la passation civilis\u00e9e du pouvoir entre Ministres provinciaux de son Gouvernement entrant et Chefs de division qui exp\u00e9diaient jusqu&rsquo;ici [&hellip;]<\/p>\n","protected":false},"author":1,"featured_media":2384,"comment_status":"open","ping_status":"open","sticky":false,"template":"","format":"standard","meta":{"footnotes":""},"categories":[25],"tags":[],"_links":{"self":[{"href":"https:\/\/times.cd\/index.php\/wp-json\/wp\/v2\/posts\/2383"}],"collection":[{"href":"https:\/\/times.cd\/index.php\/wp-json\/wp\/v2\/posts"}],"about":[{"href":"https:\/\/times.cd\/index.php\/wp-json\/wp\/v2\/types\/post"}],"author":[{"embeddable":true,"href":"https:\/\/times.cd\/index.php\/wp-json\/wp\/v2\/users\/1"}],"replies":[{"embeddable":true,"href":"https:\/\/times.cd\/index.php\/wp-json\/wp\/v2\/comments?post=2383"}],"version-history":[{"count":1,"href":"https:\/\/times.cd\/index.php\/wp-json\/wp\/v2\/posts\/2383\/revisions"}],"predecessor-version":[{"id":2388,"href":"https:\/\/times.cd\/index.php\/wp-json\/wp\/v2\/posts\/2383\/revisions\/2388"}],"wp:featuredmedia":[{"embeddable":true,"href":"https:\/\/times.cd\/index.php\/wp-json\/wp\/v2\/media\/2384"}],"wp:attachment":[{"href":"https:\/\/times.cd\/index.php\/wp-json\/wp\/v2\/media?parent=2383"}],"wp:term":[{"taxonomy":"category","embeddable":true,"href":"https:\/\/times.cd\/index.php\/wp-json\/wp\/v2\/categories?post=2383"},{"taxonomy":"post_tag","embeddable":true,"href":"https:\/\/times.cd\/index.php\/wp-json\/wp\/v2\/tags?post=2383"}],"curies":[{"name":"wp","href":"https:\/\/api.w.org\/{rel}","templated":true}]}}