{"id":2379,"date":"2022-11-05T07:49:00","date_gmt":"2022-11-05T07:49:00","guid":{"rendered":"https:\/\/times.cd\/?p=2379"},"modified":"2022-11-05T07:49:01","modified_gmt":"2022-11-05T07:49:01","slug":"occupation-rwandaise-dans-lest-de-la-rdc-ludps-tshopo-monte-au-creneau-et-soutien-le-chef-de-letat-felix-tshisekedi","status":"publish","type":"post","link":"https:\/\/times.cd\/index.php\/2022\/11\/05\/occupation-rwandaise-dans-lest-de-la-rdc-ludps-tshopo-monte-au-creneau-et-soutien-le-chef-de-letat-felix-tshisekedi\/","title":{"rendered":"Occupation Rwandaise dans l&rsquo;est de la RDC : L\u2019UDPS-Tshopo monte au cr\u00e9neau et soutien le chef de l&rsquo;Etat F\u00e9lix Tshisekedi"},"content":{"rendered":"\n<p><\/p>\n\n\n\n<p>La r\u00e9surgence du mouvement terroriste du M23, qui pour la \u00e9ni\u00e8me redistribue gratuitement mort et d\u00e9solation aux populations Congolaises vivants les provinces du Kivu dans l\u2019Est du pays, continue d\u2019alimenter \u00e0 travers le pays plusieurs r\u00e9actions condamnant cette agression \u00e0 ciel ouvert par procuration du Rwanda.<\/p>\n\n\n\n<p>Au chapitre, les Combattants de l\u2019UDPS parti au pouvoir, F\u00e9d\u00e9ration de Kisangani ont fait avec consternation la lecture sur la situation sinistre qui se vit depuis peu dans cette partie septentrionale ont eu \u00e0 faire une d\u00e9claration jeudi dernier devant le si\u00e8ge provincial du Parti, \u00e9voquant les d\u00e9cisions courageuses prises au cours de la r\u00e9union \u00e9largie du Conseil sup\u00e9rieur de la d\u00e9fense tenue le 29.octombre 2022, pr\u00e9sid\u00e9e par le Chef de l\u2019Etat, Commandat supr\u00eame des Fardc et de la PNC.<\/p>\n\n\n\n<figure class=\"wp-block-gallery has-nested-images columns-default is-cropped wp-block-gallery-1 is-layout-flex wp-block-gallery-is-layout-flex\">\n<figure class=\"wp-block-image size-large\"><img loading=\"lazy\" decoding=\"async\" width=\"1080\" height=\"608\" data-id=\"2381\" src=\"http:\/\/times.cd\/wp-content\/uploads\/2022\/11\/IMG-20221104-WA0127.jpg\" alt=\"\" class=\"wp-image-2381\" srcset=\"https:\/\/times.cd\/wp-content\/uploads\/2022\/11\/IMG-20221104-WA0127.jpg 1080w, https:\/\/times.cd\/wp-content\/uploads\/2022\/11\/IMG-20221104-WA0127-300x169.jpg 300w, https:\/\/times.cd\/wp-content\/uploads\/2022\/11\/IMG-20221104-WA0127-1024x576.jpg 1024w, https:\/\/times.cd\/wp-content\/uploads\/2022\/11\/IMG-20221104-WA0127-768x432.jpg 768w\" sizes=\"(max-width: 1080px) 100vw, 1080px\" \/><\/figure>\n<\/figure>\n\n\n\n<p>Cette d\u00e9claration lue par Docteur Patrick Mbenga alors Secr\u00e9taire F\u00e9deral en charge de la Communication a condamn\u00e9 ces atrocit\u00e9s influg\u00e9es injustement \u00e0 la population congolaise sous un regard taisant et complice de la communaut\u00e9 internationale ainsi que des Nations unies.<\/p>\n\n\n\n<p>Par la suite, ces membres de l\u2019Union pour la D\u00e9mocratie et le Progr\u00e8s Social \u00ab Udps \u00bb, f\u00e9d\u00e9ration de Kisangani ont salu\u00e9 avec bravoure p\u00e9tri du patriotisme avant tout les efforts combien louables et inlassables conjugu\u00e9s jusqu\u2019ici par Felix Tshisekedi allant dans le seul objectif celui en tant que Garant de l\u2019unit\u00e9 nationale \u00e0 d\u00e9fendre l\u2019int\u00e9grit\u00e9 territoriale contre cette agression de plus orchestr\u00e9e par le Rwanda en appui du Mouvement de 23 mars dont les issues sont connues de tous visant par voie de cupidit\u00e9 l\u2019exploitation ill\u00e9gale des nos ressources naturelles.<\/p>\n\n\n\n<p>Sur le m\u00eame \u00e9lan, ces derniers, qui, saluent la manifeste des certains chefs d\u2019Etat Africains tendant \u00e0 appuyer la d\u00e9sescalade des violences dans l\u2019Est de la RDC tout \u00e0 les invitants d\u2019appuyer les acquis des assises de l\u2019EAC ainsi que de la SADC.<\/p>\n\n\n\n<p>Jason\/Times.cd<\/p>\n","protected":false},"excerpt":{"rendered":"<p>La r\u00e9surgence du mouvement terroriste du M23, qui pour la \u00e9ni\u00e8me redistribue gratuitement mort et d\u00e9solation aux populations Congolaises vivants les provinces du Kivu dans l\u2019Est du pays, continue d\u2019alimenter \u00e0 travers le pays plusieurs r\u00e9actions condamnant cette agression \u00e0 ciel ouvert par procuration du Rwanda. Au chapitre, les Combattants de l\u2019UDPS parti au pouvoir, [&hellip;]<\/p>\n","protected":false},"author":1,"featured_media":2380,"comment_status":"open","ping_status":"open","sticky":false,"template":"","format":"standard","meta":{"footnotes":""},"categories":[25],"tags":[],"_links":{"self":[{"href":"https:\/\/times.cd\/index.php\/wp-json\/wp\/v2\/posts\/2379"}],"collection":[{"href":"https:\/\/times.cd\/index.php\/wp-json\/wp\/v2\/posts"}],"about":[{"href":"https:\/\/times.cd\/index.php\/wp-json\/wp\/v2\/types\/post"}],"author":[{"embeddable":true,"href":"https:\/\/times.cd\/index.php\/wp-json\/wp\/v2\/users\/1"}],"replies":[{"embeddable":true,"href":"https:\/\/times.cd\/index.php\/wp-json\/wp\/v2\/comments?post=2379"}],"version-history":[{"count":1,"href":"https:\/\/times.cd\/index.php\/wp-json\/wp\/v2\/posts\/2379\/revisions"}],"predecessor-version":[{"id":2382,"href":"https:\/\/times.cd\/index.php\/wp-json\/wp\/v2\/posts\/2379\/revisions\/2382"}],"wp:featuredmedia":[{"embeddable":true,"href":"https:\/\/times.cd\/index.php\/wp-json\/wp\/v2\/media\/2380"}],"wp:attachment":[{"href":"https:\/\/times.cd\/index.php\/wp-json\/wp\/v2\/media?parent=2379"}],"wp:term":[{"taxonomy":"category","embeddable":true,"href":"https:\/\/times.cd\/index.php\/wp-json\/wp\/v2\/categories?post=2379"},{"taxonomy":"post_tag","embeddable":true,"href":"https:\/\/times.cd\/index.php\/wp-json\/wp\/v2\/tags?post=2379"}],"curies":[{"name":"wp","href":"https:\/\/api.w.org\/{rel}","templated":true}]}}