{"id":2357,"date":"2022-10-20T10:08:31","date_gmt":"2022-10-20T10:08:31","guid":{"rendered":"https:\/\/times.cd\/?p=2357"},"modified":"2022-10-20T10:08:32","modified_gmt":"2022-10-20T10:08:32","slug":"tout-savoir-sur-latelier-paritaire-entre-le-comite-de-gestion-de-lisc-et-la-delegation-syndicale","status":"publish","type":"post","link":"https:\/\/times.cd\/index.php\/2022\/10\/20\/tout-savoir-sur-latelier-paritaire-entre-le-comite-de-gestion-de-lisc-et-la-delegation-syndicale\/","title":{"rendered":"Tout savoir sur l&rsquo;atelier paritaire entre le comit\u00e9 de gestion de l&rsquo;ISC, et la d\u00e9l\u00e9gation syndicale"},"content":{"rendered":"\n<p><\/p>\n\n\n\n<p><\/p>\n\n\n\n<p>Un atelier paritaire entre le comit\u00e9 de gestion de l&rsquo;institut sup\u00e9rieur de commerce (ISC), et la d\u00e9l\u00e9gation syndicale a \u00e9t\u00e9 pr\u00e9sid\u00e9 par le Directeur g\u00e9n\u00e9ral \u00c9mile Ngoy Kasongo ce mercredi 19 Octobre, \u00e0 Sultani H\u00f4tel.<\/p>\n\n\n\n<p>Au menu, le Professeur \u00c9mile Ngoy \u00e0 inviter la d\u00e9l\u00e9gation syndicale \u00e0 examiner ensemble le contenu de cahier de charge, qui prend en compte l&rsquo;\u00e9ducation , l&rsquo;organisation des \u00e9tudes, l&rsquo;administration afin de pouvoir b\u00e9n\u00e9ficier en terme d&rsquo;infrastructures, de la qualit\u00e9 de l&rsquo;\u00e9quipement d&rsquo;accueil des \u00e9tudiants et surtout de l&rsquo;am\u00e9lioration des ressources humaines.<\/p>\n\n\n\n<p>Il faut souligner que, l&rsquo;objectif de cette rencontre paritaire \u00e9tait de faire le point sur l&rsquo;\u00e9volution de la bonne marche de l&rsquo;\u00e9tablissement.<\/p>\n\n\n\n<p>Times.cd<\/p>\n","protected":false},"excerpt":{"rendered":"<p>Un atelier paritaire entre le comit\u00e9 de gestion de l&rsquo;institut sup\u00e9rieur de commerce (ISC), et la d\u00e9l\u00e9gation syndicale a \u00e9t\u00e9 pr\u00e9sid\u00e9 par le Directeur g\u00e9n\u00e9ral \u00c9mile Ngoy Kasongo ce mercredi 19 Octobre, \u00e0 Sultani H\u00f4tel. Au menu, le Professeur \u00c9mile Ngoy \u00e0 inviter la d\u00e9l\u00e9gation syndicale \u00e0 examiner ensemble le contenu de cahier de charge, [&hellip;]<\/p>\n","protected":false},"author":1,"featured_media":2358,"comment_status":"open","ping_status":"open","sticky":false,"template":"","format":"standard","meta":{"footnotes":""},"categories":[28],"tags":[],"_links":{"self":[{"href":"https:\/\/times.cd\/index.php\/wp-json\/wp\/v2\/posts\/2357"}],"collection":[{"href":"https:\/\/times.cd\/index.php\/wp-json\/wp\/v2\/posts"}],"about":[{"href":"https:\/\/times.cd\/index.php\/wp-json\/wp\/v2\/types\/post"}],"author":[{"embeddable":true,"href":"https:\/\/times.cd\/index.php\/wp-json\/wp\/v2\/users\/1"}],"replies":[{"embeddable":true,"href":"https:\/\/times.cd\/index.php\/wp-json\/wp\/v2\/comments?post=2357"}],"version-history":[{"count":1,"href":"https:\/\/times.cd\/index.php\/wp-json\/wp\/v2\/posts\/2357\/revisions"}],"predecessor-version":[{"id":2359,"href":"https:\/\/times.cd\/index.php\/wp-json\/wp\/v2\/posts\/2357\/revisions\/2359"}],"wp:featuredmedia":[{"embeddable":true,"href":"https:\/\/times.cd\/index.php\/wp-json\/wp\/v2\/media\/2358"}],"wp:attachment":[{"href":"https:\/\/times.cd\/index.php\/wp-json\/wp\/v2\/media?parent=2357"}],"wp:term":[{"taxonomy":"category","embeddable":true,"href":"https:\/\/times.cd\/index.php\/wp-json\/wp\/v2\/categories?post=2357"},{"taxonomy":"post_tag","embeddable":true,"href":"https:\/\/times.cd\/index.php\/wp-json\/wp\/v2\/tags?post=2357"}],"curies":[{"name":"wp","href":"https:\/\/api.w.org\/{rel}","templated":true}]}}