{"id":2340,"date":"2022-10-15T21:38:30","date_gmt":"2022-10-15T21:38:30","guid":{"rendered":"https:\/\/times.cd\/?p=2340"},"modified":"2022-10-15T21:38:31","modified_gmt":"2022-10-15T21:38:31","slug":"kisangani-le-glissement-nest-pas-a-lordre-du-jour-auguistin-kabuya","status":"publish","type":"post","link":"https:\/\/times.cd\/index.php\/2022\/10\/15\/kisangani-le-glissement-nest-pas-a-lordre-du-jour-auguistin-kabuya\/","title":{"rendered":"Kisangani: Le glissement n\u2019est pas \u00e0 l\u2019ordre du jour (Auguistin Kabuya)"},"content":{"rendered":"\n<p><\/p>\n\n\n\n<p><\/p>\n\n\n\n<p>C\u2019est une vraie mar\u00e9e humaine qui s\u2019est d\u00e9p\u00each\u00e9e ce 15 octobre \u00e0 Grande Poste de Kisangani pour \u00e9couter le Secr\u00e9taire G\u00e9n\u00e9ral de l&rsquo;Union pour la d\u00e9mocratie et progr\u00e8s sociale (UDPS). Arriv\u00e9 dans la ville vers 14 (heure locale), Augustin Kabuya a d\u2019abord \u00e9t\u00e9 accueilli par des centaines de ses partisans, avant de mettre cap vers son lieu de meeting.<\/p>\n\n\n\n<p>Prenant la parole devant une foule en liesse, le Sg du parti pr\u00e9sidentiel a appel\u00e9 la population de Kisangani \u00e0 collaborer avec la police afin de mettre fin \u00e0 l&rsquo;ins\u00e9curit\u00e9, en ces termes:<\/p>\n\n\n\n<p>\u00ab\u00a0Pour mettre fin \u00e0 l\u2019ins\u00e9curit\u00e9 ici \u00e0 Kisangani, ne laissez pas toute la charge \u00e0 la Police seule. C\u2019est quelque chose qui nous concerne tous, si nous comptons le nombre policiers qui sont ici \u00e0 Kisangani, \u00e7a ne repr\u00e9sente m\u00eame pas le un centi\u00e8me de la population. Comment vont-ils travailler ? Pour qu\u2019ils fassent bien leur travail, nous devons collaborer avec eux. Je vous ai dit ici que l\u2019ANR, la Police et les FARDC leur chef c\u2019est le pr\u00e9sident de la R\u00e9publique et nous notre chef c\u2019est aussi le pr\u00e9sident de la R\u00e9publique \u00bb, a d\u00e9clar\u00e9 Augustin Kabuya.<\/p>\n\n\n\n<p>Au cours de son speech, Augustin Kabuya a, fait savoir aux combattantes et combattants de l\u2019UDPS de se pr\u00e9parer pour les \u00e9lections de 2023. Le glissement n\u2019est pas \u00e0 l\u2019ordre du jour, a-t-il lanc\u00e9 sous les acclamations.<\/p>\n\n\n\n<p>Cette manifestation qui a connu l\u2019assentiment des miliers des militants a constitu\u00e9 un socle pour le parti pr\u00e9sidentiel et un ancrage dans la province de la Tshopo<\/p>\n\n\n\n<p>Francis Luende<\/p>\n","protected":false},"excerpt":{"rendered":"<p>C\u2019est une vraie mar\u00e9e humaine qui s\u2019est d\u00e9p\u00each\u00e9e ce 15 octobre \u00e0 Grande Poste de Kisangani pour \u00e9couter le Secr\u00e9taire G\u00e9n\u00e9ral de l&rsquo;Union pour la d\u00e9mocratie et progr\u00e8s sociale (UDPS). Arriv\u00e9 dans la ville vers 14 (heure locale), Augustin Kabuya a d\u2019abord \u00e9t\u00e9 accueilli par des centaines de ses partisans, avant de mettre cap vers [&hellip;]<\/p>\n","protected":false},"author":1,"featured_media":2342,"comment_status":"open","ping_status":"open","sticky":false,"template":"","format":"standard","meta":{"footnotes":""},"categories":[25],"tags":[],"_links":{"self":[{"href":"https:\/\/times.cd\/index.php\/wp-json\/wp\/v2\/posts\/2340"}],"collection":[{"href":"https:\/\/times.cd\/index.php\/wp-json\/wp\/v2\/posts"}],"about":[{"href":"https:\/\/times.cd\/index.php\/wp-json\/wp\/v2\/types\/post"}],"author":[{"embeddable":true,"href":"https:\/\/times.cd\/index.php\/wp-json\/wp\/v2\/users\/1"}],"replies":[{"embeddable":true,"href":"https:\/\/times.cd\/index.php\/wp-json\/wp\/v2\/comments?post=2340"}],"version-history":[{"count":1,"href":"https:\/\/times.cd\/index.php\/wp-json\/wp\/v2\/posts\/2340\/revisions"}],"predecessor-version":[{"id":2343,"href":"https:\/\/times.cd\/index.php\/wp-json\/wp\/v2\/posts\/2340\/revisions\/2343"}],"wp:featuredmedia":[{"embeddable":true,"href":"https:\/\/times.cd\/index.php\/wp-json\/wp\/v2\/media\/2342"}],"wp:attachment":[{"href":"https:\/\/times.cd\/index.php\/wp-json\/wp\/v2\/media?parent=2340"}],"wp:term":[{"taxonomy":"category","embeddable":true,"href":"https:\/\/times.cd\/index.php\/wp-json\/wp\/v2\/categories?post=2340"},{"taxonomy":"post_tag","embeddable":true,"href":"https:\/\/times.cd\/index.php\/wp-json\/wp\/v2\/tags?post=2340"}],"curies":[{"name":"wp","href":"https:\/\/api.w.org\/{rel}","templated":true}]}}