{"id":2319,"date":"2022-10-06T10:37:48","date_gmt":"2022-10-06T10:37:48","guid":{"rendered":"https:\/\/times.cd\/?p=2319"},"modified":"2022-10-06T10:37:49","modified_gmt":"2022-10-06T10:37:49","slug":"kinshasa-nouvelle-visite-salvatrice-du-ministre-marc-ekila-dans-les-orphelinats-et-ecoles","status":"publish","type":"post","link":"https:\/\/times.cd\/index.php\/2022\/10\/06\/kinshasa-nouvelle-visite-salvatrice-du-ministre-marc-ekila-dans-les-orphelinats-et-ecoles\/","title":{"rendered":"Kinshasa : nouvelle visite salvatrice du ministre Marc Ekila dans les orphelinats et \u00e9coles"},"content":{"rendered":"\n<p><\/p>\n\n\n\n<p><\/p>\n\n\n\n<p>Il se passe toujours quelque chose \u00e0 l&rsquo;Asbl, les \u00ab\u00a0Amis de Marc Ekila\u00a0\u00bb. La tradition en a fait une obligation, bien plus qu\u2019un simple devoir. Alors le vice-ministre des Transports voies de communication et de d\u00e9senclavement, Marc Ekila Likombo, touch\u00e9 dans son \u00e2me de chr\u00e9tien, avait lev\u00e9 l\u2019option de soutenir les orphelinats, les \u00e9coles de m\u00e9tiers et homes de vieillards de Kinshasa et d\u2019ailleurs.<\/p>\n\n\n\n<p>Un peu plus d&rsquo;une ann\u00e9e apr\u00e8s avoir chang\u00e9 de statut, il tient toujours au respect de sa parole donn\u00e9e. C\u2019est dans ce cadre qu\u2019il a effectu\u00e9 une descente salvatrice avec l&rsquo;\u00e9quipe l\u2019Asbl les Amis de Marc Ekila le weekend dernier, la ronde des l&rsquo;orphelinats et \u00e9coles professionnelle notamment, CPS Ngaliema, l&rsquo;une des \u00e9coles de vuln\u00e9rables sp\u00e9cialis\u00e9es dans la formation professionnelle notamment en coupe et couture, restauration et Auto-\u00e9cole dans la commune de Ngaliema, o\u00f9 40 jeunes apprenants ont vu la totalit\u00e9 de leur frais de formation pay\u00e9s par ce natif de la Cit\u00e9 Des Anciens Combattants, en pr\u00e9sence des responsables du quartier et de l&rsquo;\u00e9cole.<\/p>\n\n\n\n<figure class=\"wp-block-gallery has-nested-images columns-default is-cropped wp-block-gallery-1 is-layout-flex wp-block-gallery-is-layout-flex\">\n<figure class=\"wp-block-image size-large\"><img loading=\"lazy\" decoding=\"async\" width=\"1080\" height=\"849\" data-id=\"2321\" src=\"http:\/\/times.cd\/wp-content\/uploads\/2022\/10\/IMG-20221002-WA0039.jpg\" alt=\"\" class=\"wp-image-2321\" srcset=\"https:\/\/times.cd\/wp-content\/uploads\/2022\/10\/IMG-20221002-WA0039.jpg 1080w, https:\/\/times.cd\/wp-content\/uploads\/2022\/10\/IMG-20221002-WA0039-300x236.jpg 300w, https:\/\/times.cd\/wp-content\/uploads\/2022\/10\/IMG-20221002-WA0039-1024x805.jpg 1024w, https:\/\/times.cd\/wp-content\/uploads\/2022\/10\/IMG-20221002-WA0039-768x604.jpg 768w, https:\/\/times.cd\/wp-content\/uploads\/2022\/10\/IMG-20221002-WA0039-100x80.jpg 100w\" sizes=\"(max-width: 1080px) 100vw, 1080px\" \/><\/figure>\n<\/figure>\n\n\n\n<p>Apr\u00e8s cette \u00e9cole de m\u00e9tier, le ministre Marc Ekila, s&rsquo;est rendu \u00e0 l&rsquo;orphelinat, Lukulowa Tuhenda (O.L.K) toujours dans la Cit\u00e9 des Anciens Combattants dans la commune de Ngaliema pour les approvisionner en vivres et non vivres.<\/p>\n\n\n\n<p>Arriv\u00e9e sur place, la d\u00e9l\u00e9gation conduite par le tr\u00e8s discr\u00e8t Marc Ekila a remis les diff\u00e9rents articles dont des sacs de riz, de farine de ma\u00efs, des cartons de poulet, poissons sal\u00e9s\u2026<br>Une enveloppe consistante faisait \u00e9galement partie du colis, de quoi permettre aux responsables de cette structure sociale de subvenir aux besoins li\u00e9s au fonctionnement.<\/p>\n\n\n\n<p>Les enfants de cet orphelinat ont accueilli, le vice-ministre Marc Ekila avec les chansons de bienvenue. Les principaux b\u00e9n\u00e9ficiaires, ont r\u00e9it\u00e9r\u00e9 leurs pri\u00e8res de sant\u00e9, succ\u00e8s et long\u00e9vit\u00e9 \u00e0 l\u2019endroit de l&rsquo;un de leur de la Cit\u00e9 Des Anciens Combattants.<\/p>\n\n\n\n<figure class=\"wp-block-gallery has-nested-images columns-default is-cropped wp-block-gallery-2 is-layout-flex wp-block-gallery-is-layout-flex\">\n<figure class=\"wp-block-image size-large\"><img loading=\"lazy\" decoding=\"async\" width=\"1080\" height=\"852\" data-id=\"2322\" src=\"http:\/\/times.cd\/wp-content\/uploads\/2022\/10\/IMG-20221002-WA0034.jpg\" alt=\"\" class=\"wp-image-2322\" srcset=\"https:\/\/times.cd\/wp-content\/uploads\/2022\/10\/IMG-20221002-WA0034.jpg 1080w, https:\/\/times.cd\/wp-content\/uploads\/2022\/10\/IMG-20221002-WA0034-300x237.jpg 300w, https:\/\/times.cd\/wp-content\/uploads\/2022\/10\/IMG-20221002-WA0034-1024x808.jpg 1024w, https:\/\/times.cd\/wp-content\/uploads\/2022\/10\/IMG-20221002-WA0034-768x606.jpg 768w, https:\/\/times.cd\/wp-content\/uploads\/2022\/10\/IMG-20221002-WA0034-100x80.jpg 100w\" sizes=\"(max-width: 1080px) 100vw, 1080px\" \/><\/figure>\n<\/figure>\n\n\n\n<p>M\u00eame discours de la part de leurs encadreurs qui n\u2019ont pas tari d\u2019\u00e9loges \u00e0 l\u2019\u00e9gard du num\u00e9ro 2 du transport en RDC tout en martelant sur le dicton chinois, \u00ab\u00a0Si tu donnes un poisson \u00e0 un homme, il mangera un jour. Si tu lui apprends \u00e0 p\u00eacher, il mangera toujours\u00a0\u00bb.<\/p>\n\n\n\n<p>Partout o\u00f9 il est pass\u00e9, Marc Ekila, a rappel\u00e9 son engagement social en faveur de ses semblables.<\/p>\n\n\n\n<p>A cette occasion, Marc Ekila s&rsquo;est exprim\u00e9 en ces termes:\u00a0\u00bb je suis l\u00e0 d&rsquo;abord comme un enfant de Dieu. Nous allons voir comment vous soutenir dans une d\u00e9marche proprement gouvernementale\u00a0\u00bb.<\/p>\n\n\n\n<figure class=\"wp-block-gallery has-nested-images columns-default is-cropped wp-block-gallery-3 is-layout-flex wp-block-gallery-is-layout-flex\">\n<figure class=\"wp-block-image size-large\"><img loading=\"lazy\" decoding=\"async\" width=\"1080\" height=\"719\" data-id=\"2323\" src=\"http:\/\/times.cd\/wp-content\/uploads\/2022\/10\/IMG-20221002-WA0035.jpg\" alt=\"\" class=\"wp-image-2323\" srcset=\"https:\/\/times.cd\/wp-content\/uploads\/2022\/10\/IMG-20221002-WA0035.jpg 1080w, https:\/\/times.cd\/wp-content\/uploads\/2022\/10\/IMG-20221002-WA0035-300x200.jpg 300w, https:\/\/times.cd\/wp-content\/uploads\/2022\/10\/IMG-20221002-WA0035-1024x682.jpg 1024w, https:\/\/times.cd\/wp-content\/uploads\/2022\/10\/IMG-20221002-WA0035-768x511.jpg 768w, https:\/\/times.cd\/wp-content\/uploads\/2022\/10\/IMG-20221002-WA0035-345x230.jpg 345w, https:\/\/times.cd\/wp-content\/uploads\/2022\/10\/IMG-20221002-WA0035-770x513.jpg 770w, https:\/\/times.cd\/wp-content\/uploads\/2022\/10\/IMG-20221002-WA0035-370x247.jpg 370w, https:\/\/times.cd\/wp-content\/uploads\/2022\/10\/IMG-20221002-WA0035-440x294.jpg 440w, https:\/\/times.cd\/wp-content\/uploads\/2022\/10\/IMG-20221002-WA0035-570x380.jpg 570w, https:\/\/times.cd\/wp-content\/uploads\/2022\/10\/IMG-20221002-WA0035-170x113.jpg 170w\" sizes=\"(max-width: 1080px) 100vw, 1080px\" \/><\/figure>\n<\/figure>\n\n\n\n<p>Pour rappel, les orphelinats visit\u00e9s ce jour ne sont qu\u2019un \u00e9chantillon des centres r\u00e9guli\u00e8rement pris en charge par par ce haut cadre de AFDC-A du professeur Bahati Lukwebo.<\/p>\n\n\n\n<p>Rien que dans la Cit\u00e9, plusieurs centres h\u00e9bergeant orphelins et personnes de troisi\u00e8me \u00e2ge fermeraient n\u2019e\u00fbt \u00e9t\u00e9 l&rsquo;intervention r\u00e9guli\u00e8re du charitable de l&rsquo;un de leur le ministre Marc Ekila Likombo.<\/p>\n\n\n\n<p>Francis Luende<\/p>\n","protected":false},"excerpt":{"rendered":"<p>Il se passe toujours quelque chose \u00e0 l&rsquo;Asbl, les \u00ab\u00a0Amis de Marc Ekila\u00a0\u00bb. La tradition en a fait une obligation, bien plus qu\u2019un simple devoir. Alors le vice-ministre des Transports voies de communication et de d\u00e9senclavement, Marc Ekila Likombo, touch\u00e9 dans son \u00e2me de chr\u00e9tien, avait lev\u00e9 l\u2019option de soutenir les orphelinats, les \u00e9coles de [&hellip;]<\/p>\n","protected":false},"author":1,"featured_media":2320,"comment_status":"open","ping_status":"open","sticky":false,"template":"","format":"standard","meta":{"footnotes":""},"categories":[28],"tags":[],"_links":{"self":[{"href":"https:\/\/times.cd\/index.php\/wp-json\/wp\/v2\/posts\/2319"}],"collection":[{"href":"https:\/\/times.cd\/index.php\/wp-json\/wp\/v2\/posts"}],"about":[{"href":"https:\/\/times.cd\/index.php\/wp-json\/wp\/v2\/types\/post"}],"author":[{"embeddable":true,"href":"https:\/\/times.cd\/index.php\/wp-json\/wp\/v2\/users\/1"}],"replies":[{"embeddable":true,"href":"https:\/\/times.cd\/index.php\/wp-json\/wp\/v2\/comments?post=2319"}],"version-history":[{"count":1,"href":"https:\/\/times.cd\/index.php\/wp-json\/wp\/v2\/posts\/2319\/revisions"}],"predecessor-version":[{"id":2324,"href":"https:\/\/times.cd\/index.php\/wp-json\/wp\/v2\/posts\/2319\/revisions\/2324"}],"wp:featuredmedia":[{"embeddable":true,"href":"https:\/\/times.cd\/index.php\/wp-json\/wp\/v2\/media\/2320"}],"wp:attachment":[{"href":"https:\/\/times.cd\/index.php\/wp-json\/wp\/v2\/media?parent=2319"}],"wp:term":[{"taxonomy":"category","embeddable":true,"href":"https:\/\/times.cd\/index.php\/wp-json\/wp\/v2\/categories?post=2319"},{"taxonomy":"post_tag","embeddable":true,"href":"https:\/\/times.cd\/index.php\/wp-json\/wp\/v2\/tags?post=2319"}],"curies":[{"name":"wp","href":"https:\/\/api.w.org\/{rel}","templated":true}]}}