{"id":2310,"date":"2022-10-04T14:58:40","date_gmt":"2022-10-04T14:58:40","guid":{"rendered":"https:\/\/times.cd\/?p=2310"},"modified":"2022-10-04T15:57:00","modified_gmt":"2022-10-04T15:57:00","slug":"affaire-dedoublement-des-cellules-a-ludps-augustin-kabuya-siffle-la-fin-de-lanarchie","status":"publish","type":"post","link":"https:\/\/times.cd\/index.php\/2022\/10\/04\/affaire-dedoublement-des-cellules-a-ludps-augustin-kabuya-siffle-la-fin-de-lanarchie\/","title":{"rendered":"Affaire d\u00e9doublement des cellules \u00e0 l&rsquo;UDPS, Augustin Kabuya siffle la fin de l&rsquo;anarchie"},"content":{"rendered":"\n<p><\/p>\n\n\n\n<p><\/p>\n\n\n\n<p>C\u2019est ce dimanche 02 octobre, que le Secr\u00e9taire G\u00e9n\u00e9ral de l\u2019Union pour la d\u00e9mocratie et le progr\u00e8s social, Augustin Kabuya a d\u00e9but\u00e9 l\u2019op\u00e9ration de l\u2019identification des membres du parti pr\u00e9sidentiel, en commen\u00e7ant par la cellule de Golf et Batetela dans la section Gombe.<\/p>\n\n\n\n<p>Aussit\u00f4t arriv\u00e9, le Secr\u00e9taire G\u00e9n\u00e9ral de l\u2019Udps a \u00e9t\u00e9 accueilli par le Pr\u00e9sident de ladite section, Monsieur Albert Bula et les membres de sa section.<\/p>\n\n\n\n<p>Porteur d\u2019un message de paix, le Secr\u00e9taire G\u00e9n\u00e9ral de l\u2019Udps a commenc\u00e9 par la cellule de Golf, dirig\u00e9e par Mm Esther M\u00e9ta, le surnomm\u00e9 \u00abPKM&nbsp;\u00bb, a exhort\u00e9 les membres de se faire enregistrer, afin de clore le d\u00e9bat sur l\u2019affaire des d\u00e9doublements de cellules, tout en leur demandant de s\u2019unir, car l\u2019Udps est un parti que le Chef de l\u2019Etat compte \u00e9norm\u00e9ment. Augustin Kabuya ajoute \u00e9galement que, les rumeurs selon lesquelles le chef de l&rsquo;\u00c9tat aurais \u00e9t\u00e9 s\u00e9duit par les d\u00e9tracteurs de l&rsquo;UDPS pour cr\u00e9er son propre parti politique sont fausses.<\/p>\n\n\n\n<figure class=\"wp-block-gallery has-nested-images columns-default is-cropped wp-block-gallery-1 is-layout-flex wp-block-gallery-is-layout-flex\">\n<figure class=\"wp-block-image size-large\"><img loading=\"lazy\" decoding=\"async\" width=\"1024\" height=\"576\" data-id=\"2312\" src=\"http:\/\/times.cd\/wp-content\/uploads\/2022\/10\/IMG-20221004-WA0123.jpg\" alt=\"\" class=\"wp-image-2312\" srcset=\"https:\/\/times.cd\/wp-content\/uploads\/2022\/10\/IMG-20221004-WA0123.jpg 1024w, https:\/\/times.cd\/wp-content\/uploads\/2022\/10\/IMG-20221004-WA0123-300x169.jpg 300w, https:\/\/times.cd\/wp-content\/uploads\/2022\/10\/IMG-20221004-WA0123-768x432.jpg 768w\" sizes=\"(max-width: 1024px) 100vw, 1024px\" \/><\/figure>\n<\/figure>\n\n\n\n<p>S\u2019agissant du d\u00e9doublement des cellules, le Secr\u00e9taire G\u00e9n\u00e9ral a promis aux membres qu\u2019il va s\u2019impliquer personnellement dans cette affaire pour trouver une solution dans un bref d\u00e9lai, tout en insistant sur l\u2019unit\u00e9 des membres, car l\u2019union fait la force.<\/p>\n\n\n\n<p>Apr\u00e8s cet \u00e9change avec la cellule Golf, le surnomm\u00e9 \u00ab&nbsp;PKM&nbsp;\u00bb, Augustin Kabuya, a poursuivi sa visite dans la cellule de Batetela, dirig\u00e9e par Mm Mudiayi, o\u00f9 le Secr\u00e9taire G\u00e9n\u00e9ral a encore \u00e9chang\u00e9 avec les membres de ladite cellule.<\/p>\n\n\n\n<p>A cette occasion le num\u00e9ro 1 de la section Gombe, Albert Bula s&rsquo;est exprim\u00e9 en ces termes :\u00a0<br>\u00ab C\u2019est une joie pour nous d\u2019\u00eatre honor\u00e9 par la visite du Secr\u00e9taire G\u00e9n\u00e9ral du parti, qui \u00e9tait vraiment n\u00e9cessaire pour mettre fin \u00e0 tout ces conflits caus\u00e9s par les d\u00e9doublements des cellules, voila qu\u2019il nous a promis de nous inviter tous autour d\u2019une table, pour mettre fin \u00e0 tout ce conflit\u00a0\u00bb, a d\u00e9clar\u00e9 Albert Bula, pr\u00e9sident de la section Gombe.<\/p>\n\n\n\n<p>R\u00e9pondant \u00e0 une question d&rsquo;un journaliste, Albert Bula, r\u00e9affirme la d\u00e9termination de l\u2019Udps qui consiste \u00e0 donner une majorit\u00e9 parlementaire au Chef de l\u2019Etat, comme vous l\u2019observer l\u2019UDPS Tshisekedi est en train de s\u2019organiser au niveau interne \u00e0 la base afin de faire face aux d\u00e9fis qui l\u2019attendent, notamment les \u00e9lections en 2023.<\/p>\n\n\n\n<figure class=\"wp-block-gallery has-nested-images columns-default is-cropped wp-block-gallery-2 is-layout-flex wp-block-gallery-is-layout-flex\">\n<figure class=\"wp-block-image size-large\"><img loading=\"lazy\" decoding=\"async\" width=\"576\" height=\"340\" data-id=\"2313\" src=\"http:\/\/times.cd\/wp-content\/uploads\/2022\/10\/IMG-20221004-WA0125.jpg\" alt=\"\" class=\"wp-image-2313\" srcset=\"https:\/\/times.cd\/wp-content\/uploads\/2022\/10\/IMG-20221004-WA0125.jpg 576w, https:\/\/times.cd\/wp-content\/uploads\/2022\/10\/IMG-20221004-WA0125-300x177.jpg 300w\" sizes=\"(max-width: 576px) 100vw, 576px\" \/><\/figure>\n<\/figure>\n\n\n\n<p>Pour sa part Mm Mudiayi Pr\u00e9sidente de la cellule Batetela, f\u00e9licite le passage du Secr\u00e9taire G\u00e9n\u00e9ral \u00e0 cette cellule pour la toute premi\u00e8re fois, et r\u00e9sout l\u2019affaire d\u00e9doublement.<\/p>\n\n\n\n<p>\u00ab&nbsp;C\u2019est s\u00fbr que notre cellule de Batetela a eu \u00e0 conna\u00eetre le probl\u00e8me de d\u00e9doublement, car lui m\u00eame le Secr\u00e9taire G\u00e9n\u00e9ral a eu \u00e0 r\u00e9aliser cela le dimanche dernier, l\u2019ors de la matin\u00e9e politique, et nous sommes heureux de voir son style de leadership. Il est l\u00e0 pour s&rsquo;impr\u00e9gner de la situation pour y mettre fin et trouver la solution.<\/p>\n\n\n\n<p>\u00ab\u00a0Nous sommes encore tr\u00e8s heureux de son passage ici \u00e0 Batetela. recevoir le Secr\u00e9taire G\u00e9n\u00e9ral du parti pr\u00e9sidentiel dans cette cellule et parler aux membres, c\u2019est un bonheur pour toute la cellule\u00a0\u00bb, \u00e0 indiqu\u00e9 madame Mudiayi pr\u00e9sidente de la cellule Batetela.<\/p>\n\n\n\n<p>Souhaitant l\u2019unit\u00e9 dans l\u2019Union pour la d\u00e9mocratie et le progr\u00e8s social, Mm Mudiayi a appel\u00e9 tous ses membres au calme et \u00e0 l\u2019unit\u00e9 malgr\u00e9 certains contraintes conjoncturelles et un certain scepticisme des d\u00e9tracteurs, le secr\u00e9taire g\u00e9n\u00e9ral fait montre d\u2019une volont\u00e9 sans faille pour revaloriser les structures de base, a ajout\u00e9 la pr\u00e9sidente de la cellule de Batetela.<\/p>\n\n\n\n<p>Il est \u00e0 noter que, apr\u00e8s cette exercice le Secr\u00e9taire G\u00e9n\u00e9ral de l\u2019Union pour la D\u00e9mocratie et le Progr\u00e8s Social, le surnomm\u00e9 \u00ab&nbsp;PKM&nbsp;\u00bb s\u2019est rendu \u00e0 la cellule de l\u2019Udps \/Limete r\u00e9sidentielle, pour prendre son inscription comme membre de l\u2019Udps au nouveau registre distribu\u00e9 r\u00e9cemment.<\/p>\n\n\n\n<p>Michel Onengombe<\/p>\n","protected":false},"excerpt":{"rendered":"<p>C\u2019est ce dimanche 02 octobre, que le Secr\u00e9taire G\u00e9n\u00e9ral de l\u2019Union pour la d\u00e9mocratie et le progr\u00e8s social, Augustin Kabuya a d\u00e9but\u00e9 l\u2019op\u00e9ration de l\u2019identification des membres du parti pr\u00e9sidentiel, en commen\u00e7ant par la cellule de Golf et Batetela dans la section Gombe. Aussit\u00f4t arriv\u00e9, le Secr\u00e9taire G\u00e9n\u00e9ral de l\u2019Udps a \u00e9t\u00e9 accueilli par le [&hellip;]<\/p>\n","protected":false},"author":1,"featured_media":2311,"comment_status":"open","ping_status":"open","sticky":false,"template":"","format":"standard","meta":{"footnotes":""},"categories":[25],"tags":[],"_links":{"self":[{"href":"https:\/\/times.cd\/index.php\/wp-json\/wp\/v2\/posts\/2310"}],"collection":[{"href":"https:\/\/times.cd\/index.php\/wp-json\/wp\/v2\/posts"}],"about":[{"href":"https:\/\/times.cd\/index.php\/wp-json\/wp\/v2\/types\/post"}],"author":[{"embeddable":true,"href":"https:\/\/times.cd\/index.php\/wp-json\/wp\/v2\/users\/1"}],"replies":[{"embeddable":true,"href":"https:\/\/times.cd\/index.php\/wp-json\/wp\/v2\/comments?post=2310"}],"version-history":[{"count":2,"href":"https:\/\/times.cd\/index.php\/wp-json\/wp\/v2\/posts\/2310\/revisions"}],"predecessor-version":[{"id":2315,"href":"https:\/\/times.cd\/index.php\/wp-json\/wp\/v2\/posts\/2310\/revisions\/2315"}],"wp:featuredmedia":[{"embeddable":true,"href":"https:\/\/times.cd\/index.php\/wp-json\/wp\/v2\/media\/2311"}],"wp:attachment":[{"href":"https:\/\/times.cd\/index.php\/wp-json\/wp\/v2\/media?parent=2310"}],"wp:term":[{"taxonomy":"category","embeddable":true,"href":"https:\/\/times.cd\/index.php\/wp-json\/wp\/v2\/categories?post=2310"},{"taxonomy":"post_tag","embeddable":true,"href":"https:\/\/times.cd\/index.php\/wp-json\/wp\/v2\/tags?post=2310"}],"curies":[{"name":"wp","href":"https:\/\/api.w.org\/{rel}","templated":true}]}}