{"id":2301,"date":"2022-10-02T19:15:34","date_gmt":"2022-10-02T19:15:34","guid":{"rendered":"https:\/\/times.cd\/?p=2301"},"modified":"2022-10-02T19:15:35","modified_gmt":"2022-10-02T19:15:35","slug":"les-femmes-de-beni-felicitent-le-president-felix-tshisekedi-pour-son-discours-du-haut-de-tribune-des-nations","status":"publish","type":"post","link":"https:\/\/times.cd\/index.php\/2022\/10\/02\/les-femmes-de-beni-felicitent-le-president-felix-tshisekedi-pour-son-discours-du-haut-de-tribune-des-nations\/","title":{"rendered":"Les femmes de Beni f\u00e9licitent le Pr\u00e9sident F\u00e9lix Tshisekedi pour son discours du haut de tribune des Nations"},"content":{"rendered":"\n<p><\/p>\n\n\n\n<p><\/p>\n\n\n\n<p>Les associations de femmes de Beni, r\u00e9unies au sein de la soci\u00e9t\u00e9 civile coordination de Beni, ont fait une d\u00e9claration ce samedi 01 octombre pour f\u00e9liciter le discours de chef de l&rsquo;\u00c9tat, son excellence F\u00e9lix-Antoine Tshisekedi Tshilombo pour son discours sur le haut de la tribune de Nations Unies.<\/p>\n\n\n\n<p>Selon ces femmes, le pr\u00e9sident a touch\u00e9 dans son discours des points importants sur la situation s\u00e9curitaire de la RDC, particuli\u00e8rement du Nord Kivu.<\/p>\n\n\n\n<p>Selon Mme Badibanga Tana Ani, qui a lue cette d\u00e9claration,<\/p>\n\n\n\n<p>Ce groupe de femme ont formul\u00e9e aussi dans cette d\u00e9claration certaines recommandation, pour que la paix soit une r\u00e9alit\u00e9 \u00e0 B\u00e9ni.<\/p>\n\n\n\n<p>Times.cd depuis B\u00e9ni<\/p>\n","protected":false},"excerpt":{"rendered":"<p>Les associations de femmes de Beni, r\u00e9unies au sein de la soci\u00e9t\u00e9 civile coordination de Beni, ont fait une d\u00e9claration ce samedi 01 octombre pour f\u00e9liciter le discours de chef de l&rsquo;\u00c9tat, son excellence F\u00e9lix-Antoine Tshisekedi Tshilombo pour son discours sur le haut de la tribune de Nations Unies. Selon ces femmes, le pr\u00e9sident a [&hellip;]<\/p>\n","protected":false},"author":1,"featured_media":2302,"comment_status":"open","ping_status":"open","sticky":false,"template":"","format":"standard","meta":{"footnotes":""},"categories":[1],"tags":[],"_links":{"self":[{"href":"https:\/\/times.cd\/index.php\/wp-json\/wp\/v2\/posts\/2301"}],"collection":[{"href":"https:\/\/times.cd\/index.php\/wp-json\/wp\/v2\/posts"}],"about":[{"href":"https:\/\/times.cd\/index.php\/wp-json\/wp\/v2\/types\/post"}],"author":[{"embeddable":true,"href":"https:\/\/times.cd\/index.php\/wp-json\/wp\/v2\/users\/1"}],"replies":[{"embeddable":true,"href":"https:\/\/times.cd\/index.php\/wp-json\/wp\/v2\/comments?post=2301"}],"version-history":[{"count":1,"href":"https:\/\/times.cd\/index.php\/wp-json\/wp\/v2\/posts\/2301\/revisions"}],"predecessor-version":[{"id":2303,"href":"https:\/\/times.cd\/index.php\/wp-json\/wp\/v2\/posts\/2301\/revisions\/2303"}],"wp:featuredmedia":[{"embeddable":true,"href":"https:\/\/times.cd\/index.php\/wp-json\/wp\/v2\/media\/2302"}],"wp:attachment":[{"href":"https:\/\/times.cd\/index.php\/wp-json\/wp\/v2\/media?parent=2301"}],"wp:term":[{"taxonomy":"category","embeddable":true,"href":"https:\/\/times.cd\/index.php\/wp-json\/wp\/v2\/categories?post=2301"},{"taxonomy":"post_tag","embeddable":true,"href":"https:\/\/times.cd\/index.php\/wp-json\/wp\/v2\/tags?post=2301"}],"curies":[{"name":"wp","href":"https:\/\/api.w.org\/{rel}","templated":true}]}}