{"id":2291,"date":"2022-10-01T08:34:31","date_gmt":"2022-10-01T08:34:31","guid":{"rendered":"https:\/\/times.cd\/?p=2291"},"modified":"2022-10-01T08:34:31","modified_gmt":"2022-10-01T08:34:31","slug":"des-militaires-engages-dans-la-traque-contre-les-groupes-armes-dans-la-region-de-beni-sont-ordonnes-de-ne-plus-autoriser-lacces-des-civils-a-leurs-campements-pour-des-raisons-de-securite","status":"publish","type":"post","link":"https:\/\/times.cd\/index.php\/2022\/10\/01\/des-militaires-engages-dans-la-traque-contre-les-groupes-armes-dans-la-region-de-beni-sont-ordonnes-de-ne-plus-autoriser-lacces-des-civils-a-leurs-campements-pour-des-raisons-de-securite\/","title":{"rendered":"Des militaires engag\u00e9s dans la traque contre les groupes arm\u00e9s dans la r\u00e9gion de Beni sont ordonn\u00e9s de ne plus autoriser l&rsquo;acc\u00e8s des civils \u00e0 leurs campements pour des raisons de s\u00e9curit\u00e9"},"content":{"rendered":"\n<p><\/p>\n\n\n\n<p>C&rsquo;est l&rsquo;une d\u00e9cision issue des \u00e9changes entre les g\u00e9n\u00e9raux majors Camille Bombele et Kayanja Muhanga, respectivement coordonnateur et coordonnateur adjoint des op\u00e9rations men\u00e9es conjointement par les Forces arm\u00e9es de la RDC (Fardc) et les Forces de d\u00e9fense du peuple Ougandais (Updf), auxquelles celui des op\u00e9rations Sukola 1, le g\u00e9n\u00e9ral de brigade Kasongo Maloba a \u00e9t\u00e9 associ\u00e9, \u00e0 Kalembo dans le secteur de Ruwenzori, territoire de Beni au Nord-Kivu, le jeudi 29 septembre 2022.<\/p>\n\n\n\n<p>Cette rencontre a lieu pendant que les forces de deux arm\u00e9es pilonnaient des positions des Forces d\u00e9mocratiques alli\u00e9es (ADF) dans la brousse, autour de la commune de Bulongo, d&rsquo;o\u00f9 ils seraient venus le matin du m\u00eame jour pour attaquer une position des Fardc.<\/p>\n\n\n\n<p>C&rsquo;\u00e9tait une attaque de repr\u00e9sailles au vu des pertes subies par l&rsquo;artillerie, indique le lieutenant-colonel Mak Hazukay MONGB, Porte-parole des op\u00e9rations \u00ab Shujaa \u00bb, impliquant les deux forces arm\u00e9es.<\/p>\n\n\n\n<p>Pendant l&rsquo;attaque, un militaire congolais est tomb\u00e9 \u00e0 c\u00f4t\u00e9 d&rsquo;une civile, ce qui a pouss\u00e9 ces autorit\u00e9s, de prendre cette d\u00e9cision drastique, ajoute-t-il.<\/p>\n\n\n\n<p>Il faut pr\u00e9ciser que, des militaires vivent avec leurs d\u00e9pendants dans des positions, ce qui ne les \u00e9pargne pas de d\u00e9g\u00e2ts lors des attaques des assaillants.<\/p>\n\n\n\n<p>Nombreux ont d\u00e9j\u00e0 perdu leurs femmes et enfants dans des circonstances pareilles, voire leurs enfants emport\u00e9s en brousse par ces rebelles en perte de vitesse.<\/p>\n\n\n\n<p>Siro MIDI<\/p>\n","protected":false},"excerpt":{"rendered":"<p>C&rsquo;est l&rsquo;une d\u00e9cision issue des \u00e9changes entre les g\u00e9n\u00e9raux majors Camille Bombele et Kayanja Muhanga, respectivement coordonnateur et coordonnateur adjoint des op\u00e9rations men\u00e9es conjointement par les Forces arm\u00e9es de la RDC (Fardc) et les Forces de d\u00e9fense du peuple Ougandais (Updf), auxquelles celui des op\u00e9rations Sukola 1, le g\u00e9n\u00e9ral de brigade Kasongo Maloba a \u00e9t\u00e9 [&hellip;]<\/p>\n","protected":false},"author":1,"featured_media":2292,"comment_status":"open","ping_status":"open","sticky":false,"template":"","format":"standard","meta":{"footnotes":""},"categories":[25],"tags":[],"_links":{"self":[{"href":"https:\/\/times.cd\/index.php\/wp-json\/wp\/v2\/posts\/2291"}],"collection":[{"href":"https:\/\/times.cd\/index.php\/wp-json\/wp\/v2\/posts"}],"about":[{"href":"https:\/\/times.cd\/index.php\/wp-json\/wp\/v2\/types\/post"}],"author":[{"embeddable":true,"href":"https:\/\/times.cd\/index.php\/wp-json\/wp\/v2\/users\/1"}],"replies":[{"embeddable":true,"href":"https:\/\/times.cd\/index.php\/wp-json\/wp\/v2\/comments?post=2291"}],"version-history":[{"count":1,"href":"https:\/\/times.cd\/index.php\/wp-json\/wp\/v2\/posts\/2291\/revisions"}],"predecessor-version":[{"id":2293,"href":"https:\/\/times.cd\/index.php\/wp-json\/wp\/v2\/posts\/2291\/revisions\/2293"}],"wp:featuredmedia":[{"embeddable":true,"href":"https:\/\/times.cd\/index.php\/wp-json\/wp\/v2\/media\/2292"}],"wp:attachment":[{"href":"https:\/\/times.cd\/index.php\/wp-json\/wp\/v2\/media?parent=2291"}],"wp:term":[{"taxonomy":"category","embeddable":true,"href":"https:\/\/times.cd\/index.php\/wp-json\/wp\/v2\/categories?post=2291"},{"taxonomy":"post_tag","embeddable":true,"href":"https:\/\/times.cd\/index.php\/wp-json\/wp\/v2\/tags?post=2291"}],"curies":[{"name":"wp","href":"https:\/\/api.w.org\/{rel}","templated":true}]}}