{"id":2267,"date":"2022-09-27T22:40:56","date_gmt":"2022-09-27T22:40:56","guid":{"rendered":"https:\/\/times.cd\/?p=2267"},"modified":"2022-09-28T22:08:00","modified_gmt":"2022-09-28T22:08:00","slug":"elections-2023-felix-tshisekedi-candidat-de-la-jeunesse-du-parti-aldec-dadele-kayinda-a-la-presidentielle","status":"publish","type":"post","link":"https:\/\/times.cd\/index.php\/2022\/09\/27\/elections-2023-felix-tshisekedi-candidat-de-la-jeunesse-du-parti-aldec-dadele-kayinda-a-la-presidentielle\/","title":{"rendered":"Elections 2023 : F\u00e9lix Tshisekedi candidat de la jeunesse du parti ALDEC d&rsquo;Adele Kayinda \u00e0 la pr\u00e9sidentielle"},"content":{"rendered":"\n<p><\/p>\n\n\n\n<p><\/p>\n\n\n\n<p>Sous l&rsquo;impulsion de son autorit\u00e9 morale Princesse, Ad\u00e8le Kayinda Mahina dans sa vision \u00ab\u00a02023 Fatshi ou rien\u00a0\u00bb, le leader Freddy Bopupa et la jeunesse de l&rsquo;Alliance des D\u00e9mocrates Chr\u00e9tiens du Congo ALDEC en sigle ne cessent de pr\u00each\u00e9 pour la mat\u00e9rialisation de la R\u00e9\u00e9lection du Pr\u00e9sident de la R\u00e9publique F\u00e9lix-Antoine Tshisekedi.<\/p>\n\n\n\n<p>Dans cette optique, la jeunesse du Parti politique, Alliance des d\u00e9mocrates chr\u00e9tiens du Congo (ALDEC), a choisi Felix Tshisekedi comme son candidat \u00e0 l\u2019\u00e9lection pr\u00e9sidentielle de 2023.<\/p>\n\n\n\n<figure class=\"wp-block-gallery has-nested-images columns-default is-cropped wp-block-gallery-1 is-layout-flex wp-block-gallery-is-layout-flex\">\n<figure class=\"wp-block-image size-large\"><img loading=\"lazy\" decoding=\"async\" width=\"1080\" height=\"720\" data-id=\"2269\" src=\"http:\/\/times.cd\/wp-content\/uploads\/2022\/09\/IMG-20220927-WA0209.jpg\" alt=\"\" class=\"wp-image-2269\" srcset=\"https:\/\/times.cd\/wp-content\/uploads\/2022\/09\/IMG-20220927-WA0209.jpg 1080w, https:\/\/times.cd\/wp-content\/uploads\/2022\/09\/IMG-20220927-WA0209-300x200.jpg 300w, https:\/\/times.cd\/wp-content\/uploads\/2022\/09\/IMG-20220927-WA0209-1024x683.jpg 1024w, https:\/\/times.cd\/wp-content\/uploads\/2022\/09\/IMG-20220927-WA0209-768x512.jpg 768w, https:\/\/times.cd\/wp-content\/uploads\/2022\/09\/IMG-20220927-WA0209-345x230.jpg 345w, https:\/\/times.cd\/wp-content\/uploads\/2022\/09\/IMG-20220927-WA0209-770x513.jpg 770w, https:\/\/times.cd\/wp-content\/uploads\/2022\/09\/IMG-20220927-WA0209-370x247.jpg 370w, https:\/\/times.cd\/wp-content\/uploads\/2022\/09\/IMG-20220927-WA0209-440x294.jpg 440w, https:\/\/times.cd\/wp-content\/uploads\/2022\/09\/IMG-20220927-WA0209-570x380.jpg 570w, https:\/\/times.cd\/wp-content\/uploads\/2022\/09\/IMG-20220927-WA0209-170x113.jpg 170w\" sizes=\"(max-width: 1080px) 100vw, 1080px\" \/><\/figure>\n<\/figure>\n\n\n\n<figure class=\"wp-block-gallery has-nested-images columns-default is-cropped wp-block-gallery-2 is-layout-flex wp-block-gallery-is-layout-flex\"><\/figure>\n\n\n\n<p>Les jeunes de ce parti, membre de l&rsquo;Union Sacr\u00e9e de la Nation, l\u2019ont fait savoir le vendredi 23 septembre 2022 a travers plusieurs medias notamment les journaux de Kinshasa.<\/p>\n\n\n\n<p>Contact\u00e9e par la r\u00e9daction de times.cd, le pr\u00e9sident de la League des jeunes Freddy Bopupa, affirme sans ambages que son parti est plus que d\u00e9termin\u00e9 \u00e0 offrir un second mandat \u00e0 l&rsquo;actuel chef de l&rsquo;\u00c9tat car, son mandat bien qu&rsquo;encore en mi-chemin est largement positif.<\/p>\n\n\n\n<figure class=\"wp-block-gallery has-nested-images columns-default is-cropped wp-block-gallery-3 is-layout-flex wp-block-gallery-is-layout-flex\"><\/figure>\n\n\n\n<figure class=\"wp-block-gallery has-nested-images columns-default is-cropped wp-block-gallery-4 is-layout-flex wp-block-gallery-is-layout-flex\"><\/figure>\n\n\n\n<figure class=\"wp-block-gallery has-nested-images columns-default is-cropped wp-block-gallery-5 is-layout-flex wp-block-gallery-is-layout-flex\">\n<figure class=\"wp-block-image size-large\"><img loading=\"lazy\" decoding=\"async\" width=\"1080\" height=\"720\" data-id=\"2279\" src=\"http:\/\/times.cd\/wp-content\/uploads\/2022\/09\/IMG-20220928-WA0047.jpg\" alt=\"\" class=\"wp-image-2279\" srcset=\"https:\/\/times.cd\/wp-content\/uploads\/2022\/09\/IMG-20220928-WA0047.jpg 1080w, https:\/\/times.cd\/wp-content\/uploads\/2022\/09\/IMG-20220928-WA0047-300x200.jpg 300w, https:\/\/times.cd\/wp-content\/uploads\/2022\/09\/IMG-20220928-WA0047-1024x683.jpg 1024w, https:\/\/times.cd\/wp-content\/uploads\/2022\/09\/IMG-20220928-WA0047-768x512.jpg 768w, https:\/\/times.cd\/wp-content\/uploads\/2022\/09\/IMG-20220928-WA0047-345x230.jpg 345w, https:\/\/times.cd\/wp-content\/uploads\/2022\/09\/IMG-20220928-WA0047-770x513.jpg 770w, https:\/\/times.cd\/wp-content\/uploads\/2022\/09\/IMG-20220928-WA0047-370x247.jpg 370w, https:\/\/times.cd\/wp-content\/uploads\/2022\/09\/IMG-20220928-WA0047-440x294.jpg 440w, https:\/\/times.cd\/wp-content\/uploads\/2022\/09\/IMG-20220928-WA0047-570x380.jpg 570w, https:\/\/times.cd\/wp-content\/uploads\/2022\/09\/IMG-20220928-WA0047-170x113.jpg 170w\" sizes=\"(max-width: 1080px) 100vw, 1080px\" \/><\/figure>\n<\/figure>\n\n\n\n<p>Raison pour laquelle il a \u00e9t\u00e9 appel\u00e9 \u00e0 diriger l\u2019Union Africaine pendant un an et aujourd\u2019hui pr\u00e9sident de la Communaut\u00e9 \u00c9conomique des Etats d\u2019Afrique Centrale (CEEAC).<\/p>\n\n\n\n<p>Sur le plan de l\u2019enseignement, il a mis en place la gratuit\u00e9 qui a commenc\u00e9 \u00e0 l\u2019\u00e9cole primaire et qui s\u2019\u00e9tendra prochainement dans les autres \u00e9chelons de l\u2019enseignement national, la m\u00e9canisation de plusieurs enseignants non pay\u00e9s pendant plusieurs ann\u00e9es et nouvelles unit\u00e9s ainsi que l\u2019octroi des bus pour le transport des \u00e9tudiants d\u00e9nomm\u00e9s Trans-Academia.<\/p>\n\n\n\n<figure class=\"wp-block-gallery has-nested-images columns-default is-cropped wp-block-gallery-6 is-layout-flex wp-block-gallery-is-layout-flex\"><\/figure>\n\n\n\n<figure class=\"wp-block-gallery has-nested-images columns-default is-cropped wp-block-gallery-7 is-layout-flex wp-block-gallery-is-layout-flex\">\n<figure class=\"wp-block-image size-large\"><img loading=\"lazy\" decoding=\"async\" width=\"1080\" height=\"720\" data-id=\"2270\" src=\"http:\/\/times.cd\/wp-content\/uploads\/2022\/09\/IMG-20220927-WA0194.jpg\" alt=\"\" class=\"wp-image-2270\" srcset=\"https:\/\/times.cd\/wp-content\/uploads\/2022\/09\/IMG-20220927-WA0194.jpg 1080w, https:\/\/times.cd\/wp-content\/uploads\/2022\/09\/IMG-20220927-WA0194-300x200.jpg 300w, https:\/\/times.cd\/wp-content\/uploads\/2022\/09\/IMG-20220927-WA0194-1024x683.jpg 1024w, https:\/\/times.cd\/wp-content\/uploads\/2022\/09\/IMG-20220927-WA0194-768x512.jpg 768w, https:\/\/times.cd\/wp-content\/uploads\/2022\/09\/IMG-20220927-WA0194-345x230.jpg 345w, https:\/\/times.cd\/wp-content\/uploads\/2022\/09\/IMG-20220927-WA0194-770x513.jpg 770w, https:\/\/times.cd\/wp-content\/uploads\/2022\/09\/IMG-20220927-WA0194-370x247.jpg 370w, https:\/\/times.cd\/wp-content\/uploads\/2022\/09\/IMG-20220927-WA0194-440x294.jpg 440w, https:\/\/times.cd\/wp-content\/uploads\/2022\/09\/IMG-20220927-WA0194-570x380.jpg 570w, https:\/\/times.cd\/wp-content\/uploads\/2022\/09\/IMG-20220927-WA0194-170x113.jpg 170w\" sizes=\"(max-width: 1080px) 100vw, 1080px\" \/><\/figure>\n<\/figure>\n\n\n\n<figure class=\"wp-block-gallery has-nested-images columns-default is-cropped wp-block-gallery-8 is-layout-flex wp-block-gallery-is-layout-flex\"><\/figure>\n\n\n\n<figure class=\"wp-block-gallery has-nested-images columns-default is-cropped wp-block-gallery-9 is-layout-flex wp-block-gallery-is-layout-flex\"><\/figure>\n\n\n\n<p>Sur le plan financier, a-t-il poursuivi, la reprise des relations avec les institutions de Bretton Wood, la Banque mondiale (BM) et le Fonds mon\u00e9taire international (FMI) ; la stabilisation macro\u00e9conomique ainsi que l\u2019augmentation du budget de l\u2019Etat, sans toutefois oublier la baisse de la corruption et des anti-valeurs sans compt\u00e9 le bilan tr\u00e8s reluisant du ministre d&rsquo;\u00e9tat, ministre portefeuille, Adele Kayinda Mahina.<\/p>\n\n\n\n<p>Et d&rsquo;ajouter, sans doute avec, la Princesse Ad\u00e8le Kayinda Mahina autorit\u00e9 morale de notre parti l&rsquo;Alliance des d\u00e9mocrates chr\u00e9tiens du Congo (ALDEC), nous avons fait notre choix, celui de la continuit\u00e9 et la poursuite de l&rsquo;\u0153uvre entam\u00e9e en 2019 par le fils de feu \u00c9tienne Tshisekedi. Cette position claire a \u00e9t\u00e9 donn\u00e9e lors de la c\u00e9r\u00e9monie marquant les 5 ans d&rsquo;existence de notre formation politique. La Princesse Ad\u00e8le Kayinda s&rsquo;assume ainsi en toute responsabilit\u00e9 et nous \u00e9galement la jeunesse, a-t-il conclut.<\/p>\n\n\n\n<p>Francis Luende<\/p>\n","protected":false},"excerpt":{"rendered":"<p>Sous l&rsquo;impulsion de son autorit\u00e9 morale Princesse, Ad\u00e8le Kayinda Mahina dans sa vision \u00ab\u00a02023 Fatshi ou rien\u00a0\u00bb, le leader Freddy Bopupa et la jeunesse de l&rsquo;Alliance des D\u00e9mocrates Chr\u00e9tiens du Congo ALDEC en sigle ne cessent de pr\u00each\u00e9 pour la mat\u00e9rialisation de la R\u00e9\u00e9lection du Pr\u00e9sident de la R\u00e9publique F\u00e9lix-Antoine Tshisekedi. Dans cette optique, la [&hellip;]<\/p>\n","protected":false},"author":1,"featured_media":2277,"comment_status":"open","ping_status":"open","sticky":false,"template":"","format":"standard","meta":{"footnotes":""},"categories":[25],"tags":[],"_links":{"self":[{"href":"https:\/\/times.cd\/index.php\/wp-json\/wp\/v2\/posts\/2267"}],"collection":[{"href":"https:\/\/times.cd\/index.php\/wp-json\/wp\/v2\/posts"}],"about":[{"href":"https:\/\/times.cd\/index.php\/wp-json\/wp\/v2\/types\/post"}],"author":[{"embeddable":true,"href":"https:\/\/times.cd\/index.php\/wp-json\/wp\/v2\/users\/1"}],"replies":[{"embeddable":true,"href":"https:\/\/times.cd\/index.php\/wp-json\/wp\/v2\/comments?post=2267"}],"version-history":[{"count":3,"href":"https:\/\/times.cd\/index.php\/wp-json\/wp\/v2\/posts\/2267\/revisions"}],"predecessor-version":[{"id":2280,"href":"https:\/\/times.cd\/index.php\/wp-json\/wp\/v2\/posts\/2267\/revisions\/2280"}],"wp:featuredmedia":[{"embeddable":true,"href":"https:\/\/times.cd\/index.php\/wp-json\/wp\/v2\/media\/2277"}],"wp:attachment":[{"href":"https:\/\/times.cd\/index.php\/wp-json\/wp\/v2\/media?parent=2267"}],"wp:term":[{"taxonomy":"category","embeddable":true,"href":"https:\/\/times.cd\/index.php\/wp-json\/wp\/v2\/categories?post=2267"},{"taxonomy":"post_tag","embeddable":true,"href":"https:\/\/times.cd\/index.php\/wp-json\/wp\/v2\/tags?post=2267"}],"curies":[{"name":"wp","href":"https:\/\/api.w.org\/{rel}","templated":true}]}}