{"id":2264,"date":"2022-09-27T10:48:59","date_gmt":"2022-09-27T10:48:59","guid":{"rendered":"https:\/\/times.cd\/?p=2264"},"modified":"2022-09-27T10:49:00","modified_gmt":"2022-09-27T10:49:00","slug":"nord-kivu-apres-le-dialogue-social-la-jeunesse-de-bashu-choisie-larmee-comme-moyen-de-defense-contre-les-adf","status":"publish","type":"post","link":"https:\/\/times.cd\/index.php\/2022\/09\/27\/nord-kivu-apres-le-dialogue-social-la-jeunesse-de-bashu-choisie-larmee-comme-moyen-de-defense-contre-les-adf\/","title":{"rendered":"Nord-Kivu: Apr\u00e8s le dialogue social, la jeunesse de Bashu, choisie l&rsquo;arm\u00e9e comme moyen de d\u00e9fense contre les Adf"},"content":{"rendered":"\n<p><\/p>\n\n\n\n<p>Dans les buts de d\u00e9fendre leur terre, victimes de l&rsquo;ins\u00e9curit\u00e9 dont les auteurs sont les milices Adf, la jeunesse du groupement d&rsquo;Isale Bulambo, dans la chefferie de Bashu vient de prendre la d\u00e9cision d&rsquo;int\u00e9grer les forces arm\u00e9es de la R\u00e9publique D\u00e9mocratique du Congo.<\/p>\n\n\n\n<p>Cette r\u00e9v\u00e9lation est de Me Wangeve, pr\u00e9sident de la soci\u00e9t\u00e9 civile de la place, \u00e0 l&rsquo;issue d&rsquo;un dialogue social qui a lieu dans la zone, visant \u00e0 chercher des strat\u00e9gies pour se prot\u00e9ger contre des attaques nocturnes des ennemis.<br>Une position qui a \u00e9t\u00e9 soutenue par l&rsquo;administrateur du territoire de Beni, Heuta Omeonga Charles, mais aussi par le d\u00e9put\u00e9 provincial, \u00e9lu de la collectivit\u00e9 d&rsquo;Isale Bulambo, Saidi Balikwisha.<\/p>\n","protected":false},"excerpt":{"rendered":"<p>Dans les buts de d\u00e9fendre leur terre, victimes de l&rsquo;ins\u00e9curit\u00e9 dont les auteurs sont les milices Adf, la jeunesse du groupement d&rsquo;Isale Bulambo, dans la chefferie de Bashu vient de prendre la d\u00e9cision d&rsquo;int\u00e9grer les forces arm\u00e9es de la R\u00e9publique D\u00e9mocratique du Congo. Cette r\u00e9v\u00e9lation est de Me Wangeve, pr\u00e9sident de la soci\u00e9t\u00e9 civile de [&hellip;]<\/p>\n","protected":false},"author":1,"featured_media":2265,"comment_status":"open","ping_status":"open","sticky":false,"template":"","format":"standard","meta":{"footnotes":""},"categories":[25],"tags":[],"_links":{"self":[{"href":"https:\/\/times.cd\/index.php\/wp-json\/wp\/v2\/posts\/2264"}],"collection":[{"href":"https:\/\/times.cd\/index.php\/wp-json\/wp\/v2\/posts"}],"about":[{"href":"https:\/\/times.cd\/index.php\/wp-json\/wp\/v2\/types\/post"}],"author":[{"embeddable":true,"href":"https:\/\/times.cd\/index.php\/wp-json\/wp\/v2\/users\/1"}],"replies":[{"embeddable":true,"href":"https:\/\/times.cd\/index.php\/wp-json\/wp\/v2\/comments?post=2264"}],"version-history":[{"count":1,"href":"https:\/\/times.cd\/index.php\/wp-json\/wp\/v2\/posts\/2264\/revisions"}],"predecessor-version":[{"id":2266,"href":"https:\/\/times.cd\/index.php\/wp-json\/wp\/v2\/posts\/2264\/revisions\/2266"}],"wp:featuredmedia":[{"embeddable":true,"href":"https:\/\/times.cd\/index.php\/wp-json\/wp\/v2\/media\/2265"}],"wp:attachment":[{"href":"https:\/\/times.cd\/index.php\/wp-json\/wp\/v2\/media?parent=2264"}],"wp:term":[{"taxonomy":"category","embeddable":true,"href":"https:\/\/times.cd\/index.php\/wp-json\/wp\/v2\/categories?post=2264"},{"taxonomy":"post_tag","embeddable":true,"href":"https:\/\/times.cd\/index.php\/wp-json\/wp\/v2\/tags?post=2264"}],"curies":[{"name":"wp","href":"https:\/\/api.w.org\/{rel}","templated":true}]}}