{"id":2261,"date":"2022-09-27T10:03:42","date_gmt":"2022-09-27T10:03:42","guid":{"rendered":"https:\/\/times.cd\/?p=2261"},"modified":"2022-09-27T10:03:43","modified_gmt":"2022-09-27T10:03:43","slug":"nord-kivu-le-gouverneur-militaire-ndima-kongba-constant-signe-un-arrete-qui-leve-le-couvre-feu-dans-la-ville-de-goma-de-22h-a-4h","status":"publish","type":"post","link":"https:\/\/times.cd\/index.php\/2022\/09\/27\/nord-kivu-le-gouverneur-militaire-ndima-kongba-constant-signe-un-arrete-qui-leve-le-couvre-feu-dans-la-ville-de-goma-de-22h-a-4h\/","title":{"rendered":"Nord- Kivu: Le gouverneur militaire, Ndima Kongba Constant signe un arr\u00eat\u00e9 qui l\u00e8ve le couvre- feu dans la ville de Goma de 22h \u00e0 4h"},"content":{"rendered":"\n<p><\/p>\n\n\n\n<p>Cette d\u00e9cision vient de tomber apr\u00e8s le passage du Premier ministre Sama Lukonde, qui \u00e9tait dans une ronde de travail dans les provinces en proie des conflits de groupes arm\u00e9s, ronde \u00e0 travers laquelle le Chef du Gouvernement congolais, a du visiter le chef-lieu de la province du Nord Kivu, pour \u00e9valuer l&rsquo;\u00e9tat de Si\u00e8ge. Couvre- feu<\/p>\n\n\n\n<p>Rappelons que, le couvre feu \u00e9tait d\u00e9clar\u00e9 \u00e0 GOMA, il y&rsquo; a une ann\u00e9e, soit le 05\/05\/2021 pour une urgence sanitaire, de 22h \u00e0 4h du matin, pour se transformer \u00e0 un couvre feu s\u00e9curitaire, apr\u00e8s que la ville soit perturb\u00e9e, par des menaces de M23, qui visaient la ville de Goma.<\/p>\n","protected":false},"excerpt":{"rendered":"<p>Cette d\u00e9cision vient de tomber apr\u00e8s le passage du Premier ministre Sama Lukonde, qui \u00e9tait dans une ronde de travail dans les provinces en proie des conflits de groupes arm\u00e9s, ronde \u00e0 travers laquelle le Chef du Gouvernement congolais, a du visiter le chef-lieu de la province du Nord Kivu, pour \u00e9valuer l&rsquo;\u00e9tat de Si\u00e8ge. [&hellip;]<\/p>\n","protected":false},"author":1,"featured_media":2262,"comment_status":"open","ping_status":"open","sticky":false,"template":"","format":"standard","meta":{"footnotes":""},"categories":[25],"tags":[],"_links":{"self":[{"href":"https:\/\/times.cd\/index.php\/wp-json\/wp\/v2\/posts\/2261"}],"collection":[{"href":"https:\/\/times.cd\/index.php\/wp-json\/wp\/v2\/posts"}],"about":[{"href":"https:\/\/times.cd\/index.php\/wp-json\/wp\/v2\/types\/post"}],"author":[{"embeddable":true,"href":"https:\/\/times.cd\/index.php\/wp-json\/wp\/v2\/users\/1"}],"replies":[{"embeddable":true,"href":"https:\/\/times.cd\/index.php\/wp-json\/wp\/v2\/comments?post=2261"}],"version-history":[{"count":1,"href":"https:\/\/times.cd\/index.php\/wp-json\/wp\/v2\/posts\/2261\/revisions"}],"predecessor-version":[{"id":2263,"href":"https:\/\/times.cd\/index.php\/wp-json\/wp\/v2\/posts\/2261\/revisions\/2263"}],"wp:featuredmedia":[{"embeddable":true,"href":"https:\/\/times.cd\/index.php\/wp-json\/wp\/v2\/media\/2262"}],"wp:attachment":[{"href":"https:\/\/times.cd\/index.php\/wp-json\/wp\/v2\/media?parent=2261"}],"wp:term":[{"taxonomy":"category","embeddable":true,"href":"https:\/\/times.cd\/index.php\/wp-json\/wp\/v2\/categories?post=2261"},{"taxonomy":"post_tag","embeddable":true,"href":"https:\/\/times.cd\/index.php\/wp-json\/wp\/v2\/tags?post=2261"}],"curies":[{"name":"wp","href":"https:\/\/api.w.org\/{rel}","templated":true}]}}