{"id":2258,"date":"2022-09-26T10:39:19","date_gmt":"2022-09-26T10:39:19","guid":{"rendered":"https:\/\/times.cd\/?p=2258"},"modified":"2022-09-26T10:39:20","modified_gmt":"2022-09-26T10:39:20","slug":"lasbl-ddpc-procede-a-linstallation-de-son-nouveau-noyau-provincial-dans-la-commune-de-limete","status":"publish","type":"post","link":"https:\/\/times.cd\/index.php\/2022\/09\/26\/lasbl-ddpc-procede-a-linstallation-de-son-nouveau-noyau-provincial-dans-la-commune-de-limete\/","title":{"rendered":"L\u2019Asbl-DDPC proc\u00e8de \u00e0 l\u2019installation de son nouveau noyau provincial dans la commune de Limete"},"content":{"rendered":"\n<p><\/p>\n\n\n\n<p><\/p>\n\n\n\n<p>C\u2019est lors d\u2019une manifestation organis\u00e9 ce samedi 24 septembre 2022, que monsieur Albert Buya, Pr\u00e9sident National de la Dynamique pour le d\u00e9veloppement et le progr\u00e8s collectif \u00ab&nbsp;DDPC&nbsp;\u00bb en sigle, qui est association sans but lucratif, a proc\u00e9d\u00e9 \u00e0 l\u2019installation du nouveau comit\u00e9 provincial de Limete.<\/p>\n\n\n\n<p>Cette structure qui a vu le jour le 30 novembre 2021 en R\u00e9publique D\u00e9mocratique du Congo pr\u00e9cis\u00e9ment dans la ville province de Kinshasa, ayant comme objectif principal \u00ab&nbsp;le bien-\u00eatre social\u00bb. Poursuivant plusieurs objectifs de d\u00e9veloppement notamment contribuer \u00e0 la formation du leadership et l\u2019entrepreneuriat de la jeunesse ainsi que lutter contre le ch\u00f4mage en R\u00e9publique D\u00e9mocratique du Congo.<\/p>\n\n\n\n<p>Prenant parole \u00e0 la c\u00e9r\u00e9monie d\u2019installation du nouveau comit\u00e9 provincial de cette structure qui accompagne les actions du Chef de l\u2019Etat, Albert Buya, tr\u00e8s satisfait de la nouvelle \u00e9quipe install\u00e9e \u00e0 Limete et de l\u2019\u00e9l\u00e9vation d\u2019une femme \u00e0 la t\u00eate de cette comit\u00e9, prouvant \u00e0 suffisance l\u2019Emergence de la genre f\u00e9minine au sein de l\u2019association, et a lanc\u00e9 un vibrant appel au participant de faire rayonner les actions de son organisation dans la capitale congolaise en vue de mobiliser un nombre important des jeunes dans la lutte contre le ch\u00f4mage et la manipulation de la jeunesse.<\/p>\n\n\n\n<p>\u00ab&nbsp;Aujourd\u2019hui nous avons proc\u00e9d\u00e9 \u00e0 l\u2019installation de cette comit\u00e9 provincial de Limete dans le but d\u2019accro\u00eetre et \u00e9largir notre champ d\u2019action, nous permettant de concr\u00e9tiser notre vision, celle de former une jeunesse forte, autonome financi\u00e8rement, en vue de contribuer au d\u00e9veloppement durable de la RDC \u00bb, a d\u00e9clar\u00e9 Albert Buya, pr\u00e9sident national de la Dynamique pour le D\u00e9veloppement et le Progr\u00e8s Collectif \u00ab&nbsp;DDPC&nbsp;\u00bben sigle.<\/p>\n\n\n\n<p>Rappelons que, le pr\u00e9sident de cette structure a remerci\u00e9 et f\u00e9licit\u00e9 tous les b\u00e9n\u00e9voles, les membres de soutien et leurs partenaires, sans oublier beaucoup d\u2019autres h\u00e9ros dans l\u2019ombre qui ne cessent d\u2019apporter leur soutien tant moral, mat\u00e9riel que financier pour la r\u00e9alisation des objectifs de cette association, lesquels visent le d\u00e9veloppement et la promotion sociale.<\/p>\n\n\n\n<p>Michel Onengombe<\/p>\n","protected":false},"excerpt":{"rendered":"<p>C\u2019est lors d\u2019une manifestation organis\u00e9 ce samedi 24 septembre 2022, que monsieur Albert Buya, Pr\u00e9sident National de la Dynamique pour le d\u00e9veloppement et le progr\u00e8s collectif \u00ab&nbsp;DDPC&nbsp;\u00bb en sigle, qui est association sans but lucratif, a proc\u00e9d\u00e9 \u00e0 l\u2019installation du nouveau comit\u00e9 provincial de Limete. Cette structure qui a vu le jour le 30 novembre [&hellip;]<\/p>\n","protected":false},"author":1,"featured_media":2259,"comment_status":"open","ping_status":"open","sticky":false,"template":"","format":"standard","meta":{"footnotes":""},"categories":[25],"tags":[],"_links":{"self":[{"href":"https:\/\/times.cd\/index.php\/wp-json\/wp\/v2\/posts\/2258"}],"collection":[{"href":"https:\/\/times.cd\/index.php\/wp-json\/wp\/v2\/posts"}],"about":[{"href":"https:\/\/times.cd\/index.php\/wp-json\/wp\/v2\/types\/post"}],"author":[{"embeddable":true,"href":"https:\/\/times.cd\/index.php\/wp-json\/wp\/v2\/users\/1"}],"replies":[{"embeddable":true,"href":"https:\/\/times.cd\/index.php\/wp-json\/wp\/v2\/comments?post=2258"}],"version-history":[{"count":1,"href":"https:\/\/times.cd\/index.php\/wp-json\/wp\/v2\/posts\/2258\/revisions"}],"predecessor-version":[{"id":2260,"href":"https:\/\/times.cd\/index.php\/wp-json\/wp\/v2\/posts\/2258\/revisions\/2260"}],"wp:featuredmedia":[{"embeddable":true,"href":"https:\/\/times.cd\/index.php\/wp-json\/wp\/v2\/media\/2259"}],"wp:attachment":[{"href":"https:\/\/times.cd\/index.php\/wp-json\/wp\/v2\/media?parent=2258"}],"wp:term":[{"taxonomy":"category","embeddable":true,"href":"https:\/\/times.cd\/index.php\/wp-json\/wp\/v2\/categories?post=2258"},{"taxonomy":"post_tag","embeddable":true,"href":"https:\/\/times.cd\/index.php\/wp-json\/wp\/v2\/tags?post=2258"}],"curies":[{"name":"wp","href":"https:\/\/api.w.org\/{rel}","templated":true}]}}