{"id":2255,"date":"2022-09-25T18:39:16","date_gmt":"2022-09-25T18:39:16","guid":{"rendered":"https:\/\/times.cd\/?p=2255"},"modified":"2022-09-25T18:39:17","modified_gmt":"2022-09-25T18:39:17","slug":"lanadec-suzy-badjoko-mobilise-la-population-de-la-lukunga-pour-lenrolement-des-electeurs","status":"publish","type":"post","link":"https:\/\/times.cd\/index.php\/2022\/09\/25\/lanadec-suzy-badjoko-mobilise-la-population-de-la-lukunga-pour-lenrolement-des-electeurs\/","title":{"rendered":"L&rsquo;ANADEC, Suzy Badjoko mobilise la population de la Lukunga pour l&rsquo;enr\u00f4lement des \u00e9lecteurs"},"content":{"rendered":"\n<p><\/p>\n\n\n\n<p><\/p>\n\n\n\n<p>Il se passe toujours quelque chose \u00e0 l&rsquo;opposition rationnelle. C&rsquo;\u00e9tait sous une pluie mena\u00e7ante que la tr\u00e8s dynamique Pr\u00e9sidente Nationale de L&rsquo;ANADEC, Mme Suzy BADJOKO MUGENI surnomm\u00e9 par sa base Maman sociale, a effectu\u00e9 une descente dans sa base \u00e9lectorale naturelle de la LUKUNGA ce Dimanche 25 septembre pour sensibiliser sur le processus d&rsquo;enr\u00f4lement que lancera tr\u00e8s bient\u00f4t l\u00e0 CENI et sur le processus \u00e9lectorales dans son ensemble._<\/p>\n\n\n\n<p>Cette descente intervient au lendemain de la Rencontre entre la CENI et les Partis et Regroupements politiques qui a eu lieu hier au palais du Peuple._<\/p>\n\n\n\n<p>Mme Suzy BADJOKO, qui d&rsquo;ailleurs a valablement repr\u00e9sent\u00e9 son Parti ANADEC et la DYPRO lors de ces assises, a r\u00e9affirm\u00e9e \u00e0 l&rsquo;opinion tant nationale qu&rsquo;internationale la position prise par cette plateforme de l&rsquo;opposition r\u00e9publicaine sur l&rsquo;accompagnement du processus \u00e9lectorales en cours. Elle qui milite pour l&rsquo;organisation des \u00e9lections libres, transparentes, apais\u00e9es et surtout cr\u00e9dibles dans le d\u00e9lais prescrit par la constitution, a dans son allocution appel\u00e9 sa base et les diff\u00e9rents cadres de son partis pr\u00e9sents sur le Place \u00e0 accompagner la CENI. Elle a sensibiliser sa base sur la n\u00e9cessit\u00e9 \u00e0 pouvoir s&rsquo;enr\u00f4ler pour une nouvelle Alternative de la classe politique en 2023, mais aussi sur la repr\u00e9sentation la femme lors des \u00e9lections prochaines.<\/p>\n","protected":false},"excerpt":{"rendered":"<p>Il se passe toujours quelque chose \u00e0 l&rsquo;opposition rationnelle. C&rsquo;\u00e9tait sous une pluie mena\u00e7ante que la tr\u00e8s dynamique Pr\u00e9sidente Nationale de L&rsquo;ANADEC, Mme Suzy BADJOKO MUGENI surnomm\u00e9 par sa base Maman sociale, a effectu\u00e9 une descente dans sa base \u00e9lectorale naturelle de la LUKUNGA ce Dimanche 25 septembre pour sensibiliser sur le processus d&rsquo;enr\u00f4lement que [&hellip;]<\/p>\n","protected":false},"author":1,"featured_media":2256,"comment_status":"open","ping_status":"open","sticky":false,"template":"","format":"standard","meta":{"footnotes":""},"categories":[25],"tags":[],"_links":{"self":[{"href":"https:\/\/times.cd\/index.php\/wp-json\/wp\/v2\/posts\/2255"}],"collection":[{"href":"https:\/\/times.cd\/index.php\/wp-json\/wp\/v2\/posts"}],"about":[{"href":"https:\/\/times.cd\/index.php\/wp-json\/wp\/v2\/types\/post"}],"author":[{"embeddable":true,"href":"https:\/\/times.cd\/index.php\/wp-json\/wp\/v2\/users\/1"}],"replies":[{"embeddable":true,"href":"https:\/\/times.cd\/index.php\/wp-json\/wp\/v2\/comments?post=2255"}],"version-history":[{"count":1,"href":"https:\/\/times.cd\/index.php\/wp-json\/wp\/v2\/posts\/2255\/revisions"}],"predecessor-version":[{"id":2257,"href":"https:\/\/times.cd\/index.php\/wp-json\/wp\/v2\/posts\/2255\/revisions\/2257"}],"wp:featuredmedia":[{"embeddable":true,"href":"https:\/\/times.cd\/index.php\/wp-json\/wp\/v2\/media\/2256"}],"wp:attachment":[{"href":"https:\/\/times.cd\/index.php\/wp-json\/wp\/v2\/media?parent=2255"}],"wp:term":[{"taxonomy":"category","embeddable":true,"href":"https:\/\/times.cd\/index.php\/wp-json\/wp\/v2\/categories?post=2255"},{"taxonomy":"post_tag","embeddable":true,"href":"https:\/\/times.cd\/index.php\/wp-json\/wp\/v2\/tags?post=2255"}],"curies":[{"name":"wp","href":"https:\/\/api.w.org\/{rel}","templated":true}]}}