{"id":2252,"date":"2022-09-25T17:42:35","date_gmt":"2022-09-25T17:42:35","guid":{"rendered":"https:\/\/times.cd\/?p=2252"},"modified":"2022-09-25T17:42:36","modified_gmt":"2022-09-25T17:42:36","slug":"beni-vital-kamerhe-propose-une-synergie-de-developpement-des-jeunes-pour-les-encourager-a-quitter-les-groupes-armes","status":"publish","type":"post","link":"https:\/\/times.cd\/index.php\/2022\/09\/25\/beni-vital-kamerhe-propose-une-synergie-de-developpement-des-jeunes-pour-les-encourager-a-quitter-les-groupes-armes\/","title":{"rendered":"Beni: Vital Kamerh\u00e9 propose une synergie de d\u00e9veloppement des jeunes pour les encourager \u00e0 quitter les groupes arm\u00e9s"},"content":{"rendered":"\n<p><\/p>\n\n\n\n<p><\/p>\n\n\n\n<p>Vital Kamerhe est arriv\u00e9 ce dimanche 25 septembre en ville de B\u00e9ni (Nord-Kivu), derni\u00e8re entit\u00e9 \u00e0 visiter pour sa tourn\u00e9e de la paix en cours dans l&rsquo;est de la RDC, ravag\u00e9 par la guerre.<\/p>\n\n\n\n<p>En provenance de Butembo, Vital Kamerhe est atterri au tour de 14 heures locales \u00e0 l&rsquo;a\u00e9roport o\u00f9 il a \u00e9t\u00e9 accueilli par le Maire de la ville de B\u00e9ni, Narcisse Muteba Kashale, les membres de son parti l&rsquo;Union pour la nation congolaise (UNC). Une autre pr\u00e9sence remarqu\u00e9e, c&rsquo;est celle des militants du Bloc uni pour renaissance et l&rsquo;\u00e9mergence du Congo (Burec), le parti cher \u00e0 Julien Paluku qui l&rsquo;accompagne depuis le d\u00e9but de la caravane de paix.<\/p>\n\n\n\n<p>Au cours de son mot \u00e0 la population de beni, Vital Kamerh\u00e9 a d\u00e9plor\u00e9 toutes les tueries et massacres ignobles dans sont victimes, les enfants de Beni. Il a propos\u00e9 de cr\u00e9er une synergie de d\u00e9veloppement des jeunes pour les encourag\u00e9s \u00e0 quitter les groupes arm\u00e9s.<\/p>\n\n\n\n<p>Times.cd<\/p>\n","protected":false},"excerpt":{"rendered":"<p>Vital Kamerhe est arriv\u00e9 ce dimanche 25 septembre en ville de B\u00e9ni (Nord-Kivu), derni\u00e8re entit\u00e9 \u00e0 visiter pour sa tourn\u00e9e de la paix en cours dans l&rsquo;est de la RDC, ravag\u00e9 par la guerre. En provenance de Butembo, Vital Kamerhe est atterri au tour de 14 heures locales \u00e0 l&rsquo;a\u00e9roport o\u00f9 il a \u00e9t\u00e9 accueilli [&hellip;]<\/p>\n","protected":false},"author":1,"featured_media":2253,"comment_status":"open","ping_status":"open","sticky":false,"template":"","format":"standard","meta":{"footnotes":""},"categories":[25],"tags":[],"_links":{"self":[{"href":"https:\/\/times.cd\/index.php\/wp-json\/wp\/v2\/posts\/2252"}],"collection":[{"href":"https:\/\/times.cd\/index.php\/wp-json\/wp\/v2\/posts"}],"about":[{"href":"https:\/\/times.cd\/index.php\/wp-json\/wp\/v2\/types\/post"}],"author":[{"embeddable":true,"href":"https:\/\/times.cd\/index.php\/wp-json\/wp\/v2\/users\/1"}],"replies":[{"embeddable":true,"href":"https:\/\/times.cd\/index.php\/wp-json\/wp\/v2\/comments?post=2252"}],"version-history":[{"count":1,"href":"https:\/\/times.cd\/index.php\/wp-json\/wp\/v2\/posts\/2252\/revisions"}],"predecessor-version":[{"id":2254,"href":"https:\/\/times.cd\/index.php\/wp-json\/wp\/v2\/posts\/2252\/revisions\/2254"}],"wp:featuredmedia":[{"embeddable":true,"href":"https:\/\/times.cd\/index.php\/wp-json\/wp\/v2\/media\/2253"}],"wp:attachment":[{"href":"https:\/\/times.cd\/index.php\/wp-json\/wp\/v2\/media?parent=2252"}],"wp:term":[{"taxonomy":"category","embeddable":true,"href":"https:\/\/times.cd\/index.php\/wp-json\/wp\/v2\/categories?post=2252"},{"taxonomy":"post_tag","embeddable":true,"href":"https:\/\/times.cd\/index.php\/wp-json\/wp\/v2\/tags?post=2252"}],"curies":[{"name":"wp","href":"https:\/\/api.w.org\/{rel}","templated":true}]}}