{"id":2244,"date":"2022-09-25T16:47:33","date_gmt":"2022-09-25T16:47:33","guid":{"rendered":"https:\/\/times.cd\/?p=2244"},"modified":"2022-09-25T16:47:35","modified_gmt":"2022-09-25T16:47:35","slug":"lasbl-les-amis-de-blanchard-ipipo-a-lance-officiellement-ses-activites-en-presence-du-ministre-thierry-tshitenga","status":"publish","type":"post","link":"https:\/\/times.cd\/index.php\/2022\/09\/25\/lasbl-les-amis-de-blanchard-ipipo-a-lance-officiellement-ses-activites-en-presence-du-ministre-thierry-tshitenga\/","title":{"rendered":"l\u2019ASBL les amis de Blanchard Ipipo a lanc\u00e9 officiellement ses activit\u00e9s en pr\u00e9sence du ministre Thierry Tshitenga"},"content":{"rendered":"\n<p><\/p>\n\n\n\n<p><\/p>\n\n\n\n<p>A Kinshasa, c\u2019est ce samedi 24 septembre 2022 que l\u2019ASBL les amis de Blanchard Ipipo a lanc\u00e9 officiellement ses activit\u00e9s visant le d\u00e9veloppement socio\u00e9conomique des Congolais en g\u00e9n\u00e9ral et de la commune de Mont-Ngafula en particulier. Prenant la parole au cours de cette c\u00e9r\u00e9monie, le pr\u00e9sident, Blanchard Ipipo a soulign\u00e9 que, cette ASBL soutien les actions du chef de l&rsquo;\u00c9tat F\u00e9lix Tshisekedi dans sa vision de rendre le Congo un pays moderne. \u00ab\u00a0Notre ASBL va initier des projets dans les secteurs ide la sant\u00e9, de l\u2019\u00e9ducation, de l\u2019agriculture, afin de stimuler l\u2019\u00e9conomie des filles et fils de la commune de Mont-Ngafula.<\/p>\n\n\n\n<div class=\"wp-block-file\"><a id=\"wp-block-file--media-63d27311-c193-44c2-af80-4b2a3f61829b\" href=\"http:\/\/times.cd\/wp-content\/uploads\/2022\/09\/IMG-20220925-WA0179.jpg\">Le ministre Thierry Tshitenga <\/a><a href=\"http:\/\/times.cd\/wp-content\/uploads\/2022\/09\/IMG-20220925-WA0179.jpg\" class=\"wp-block-file__button\" download aria-describedby=\"wp-block-file--media-63d27311-c193-44c2-af80-4b2a3f61829b\">T\u00e9l\u00e9charger<\/a><\/div>\n\n\n\n<figure class=\"wp-block-gallery has-nested-images columns-default is-cropped wp-block-gallery-1 is-layout-flex wp-block-gallery-is-layout-flex\">\n<figure class=\"wp-block-image size-large\"><img loading=\"lazy\" decoding=\"async\" width=\"1080\" height=\"809\" data-id=\"2247\" src=\"http:\/\/times.cd\/wp-content\/uploads\/2022\/09\/IMG-20220925-WA0179-1.jpg\" alt=\"\" class=\"wp-image-2247\" srcset=\"https:\/\/times.cd\/wp-content\/uploads\/2022\/09\/IMG-20220925-WA0179-1.jpg 1080w, https:\/\/times.cd\/wp-content\/uploads\/2022\/09\/IMG-20220925-WA0179-1-300x225.jpg 300w, https:\/\/times.cd\/wp-content\/uploads\/2022\/09\/IMG-20220925-WA0179-1-1024x767.jpg 1024w, https:\/\/times.cd\/wp-content\/uploads\/2022\/09\/IMG-20220925-WA0179-1-768x575.jpg 768w, https:\/\/times.cd\/wp-content\/uploads\/2022\/09\/IMG-20220925-WA0179-1-501x375.jpg 501w\" sizes=\"(max-width: 1080px) 100vw, 1080px\" \/><\/figure>\n<\/figure>\n\n\n\n<p>Cette ASBL qui milite pour la promotion du bien-\u00eatre de la population, compte s&rsquo;investir pour des pr\u00e9occupations de la femme, des filles m\u00e8re et des d\u00e9munies de Mont-Ngafula.<\/p>\n\n\n\n<p>Dans une interview accord\u00e9e \u00e0 la presse \u00e0 l&rsquo;issue de la c\u00e9r\u00e9monie de lancement des activit\u00e9s organis\u00e9e \u00e0 l&rsquo;espace Maman Viviane au quartier Kimwanza, dans la commune de Mant-Ngafula, le plus jeune chef coutumier de Kinshasa Blanchard Ipipo, a indiqu\u00e9 aussi que son ASBL a pour mission d&rsquo;accompagner les groupes de femmes, des associations f\u00e9minines et des initiatives locales communautaires en milieu rural et p\u00e9riurbain afin d&rsquo;all\u00e9ger tant soit peu la souffrance de la population.<\/p>\n\n\n\n<p>\u00ab\u00a0Les amis de Blanchard Ipipo compte accomplir sa mission dans la capitale de la RDC en apportant directement ou indirectement un appui aux initiatives locales des jeunes et va organiser des actions ax\u00e9es sur l&rsquo;entrepreneuriat\u00a0\u00bb, a-t-il d\u00e9clar\u00e9.<\/p>\n\n\n\n<figure class=\"wp-block-gallery has-nested-images columns-default is-cropped wp-block-gallery-2 is-layout-flex wp-block-gallery-is-layout-flex\">\n<figure class=\"wp-block-image size-large\"><img loading=\"lazy\" decoding=\"async\" width=\"1080\" height=\"809\" data-id=\"2248\" src=\"http:\/\/times.cd\/wp-content\/uploads\/2022\/09\/IMG-20220925-WA0185.jpg\" alt=\"\" class=\"wp-image-2248\" srcset=\"https:\/\/times.cd\/wp-content\/uploads\/2022\/09\/IMG-20220925-WA0185.jpg 1080w, https:\/\/times.cd\/wp-content\/uploads\/2022\/09\/IMG-20220925-WA0185-300x225.jpg 300w, https:\/\/times.cd\/wp-content\/uploads\/2022\/09\/IMG-20220925-WA0185-1024x767.jpg 1024w, https:\/\/times.cd\/wp-content\/uploads\/2022\/09\/IMG-20220925-WA0185-768x575.jpg 768w, https:\/\/times.cd\/wp-content\/uploads\/2022\/09\/IMG-20220925-WA0185-501x375.jpg 501w\" sizes=\"(max-width: 1080px) 100vw, 1080px\" \/><\/figure>\n<figcaption class=\"blocks-gallery-caption\">Notable de Kimwenza<\/figcaption><\/figure>\n\n\n\n<p>Pour sa part, le ministre provincial des travaux publics et infrastructures du gouvernement provincial de Kinshasa Thierry Tshitenga, a encourag\u00e9 cette organisation pour les actions qu&rsquo;elle compte mener au regard des probl\u00e8mes que conna\u00eet la la ville de Kinshasa en g\u00e9n\u00e9ral et la commune de Mont-Ngafula en particulier.<\/p>\n\n\n\n<p>Signalons qu&rsquo;au cours du lancement officiel, une s\u00e9ance de question r\u00e9ponse a \u00e9t\u00e9 organis\u00e9e avec un regard tourn\u00e9 sur le d\u00e9veloppement de Mont-Ngafula. Le ministre provincial Thierry Kitenga et le bourgmestre de Mont-Ngafula ont, tour \u00e0 tour, salu\u00e9 le bon combat de de l&rsquo;ASBL les Amis de Blanchard Ipipi pour le D\u00e9veloppement Int\u00e9gral de la Jeunesse dans le domaine de l&rsquo;Agriculture.<\/p>\n\n\n\n<p>Aussi natif de Mont-Ngafula, le ministre provincial Thierry Kitenga a promis aux notables de Mont-Ngafula de plaider en leur faveur aupr\u00e8s des autorit\u00e9s comp\u00e9tentes, pour la construction des \u00e9coles, des centres de sant\u00e9 et l\u2019ASBL les amis de Blanchard Ipipo a lanc\u00e9 officiellement ses activit\u00e9s en pr\u00e9sence du ministre Thierry Tshitenga<\/p>\n\n\n\n<p>A Kinshasa, c\u2019est ce samedi 24 septembre 2022 que l\u2019ASBL les amis de Blanchard Ipipo a lanc\u00e9 officiellement ses activit\u00e9s visant le d\u00e9veloppement socio\u00e9conomique des Congolais en g\u00e9n\u00e9ral et de la commune de Mont-Ngafula en particulier. Prenant la parole au cours de cette c\u00e9r\u00e9monie, le pr\u00e9sident, Blanchard Ipipo a soulign\u00e9 que, cette ASBL soutien les actions du chef de l&rsquo;\u00c9tat F\u00e9lix Tshisekedi dans sa vision de rendre le Congo un pays moderne. \u00ab\u00a0Notre ASBL va initier des projets dans les secteurs ide la sant\u00e9, de l\u2019\u00e9ducation, de l\u2019agriculture, afin de stimuler l\u2019\u00e9conomie des filles et fils de la commune de Mont-Ngafula.<\/p>\n\n\n\n<p>Cette ASBL qui milite pour la promotion du bien-\u00eatre de la population, compte s&rsquo;investir pour des pr\u00e9occupations de la femme, des filles m\u00e8re et des d\u00e9munies de Mont-Ngafula.<\/p>\n\n\n\n<p>Dans une interview accord\u00e9e \u00e0 la presse \u00e0 l&rsquo;issue de la c\u00e9r\u00e9monie de lancement des activit\u00e9s organis\u00e9e \u00e0 l&rsquo;espace Maman Viviane au quartier Kimwanza, dans la commune de Mant-Ngafula, le plus jeune chef coutumier de Kinshasa Blanchard Ipipo, a indiqu\u00e9 aussi que son ASBL a pour mission d&rsquo;accompagner les groupes de femmes, des associations f\u00e9minines et des initiatives locales communautaires en milieu rural et p\u00e9riurbain afin d&rsquo;all\u00e9ger tant soit peu la souffrance de la population.<\/p>\n\n\n\n<p>\u00ab\u00a0Les amis de Blanchard Ipipo compte accomplir sa mission dans la capitale de la RDC en apportant directement ou indirectement un appui aux initiatives locales des jeunes et va organiser des actions ax\u00e9es sur l&rsquo;entrepreneuriat\u00a0\u00bb, a-t-il d\u00e9clar\u00e9.<\/p>\n\n\n\n<p>Pour sa part, le ministre provincial des travaux publics et infrastructures du gouvernement provincial de Kinshasa Thierry Tshitenga, a encourag\u00e9 cette organisation pour les actions qu&rsquo;elle compte mener au regard des probl\u00e8mes que conna\u00eet la la ville de Kinshasa en g\u00e9n\u00e9ral et la commune de Mont-Ngafula en particulier.<\/p>\n\n\n\n<figure class=\"wp-block-gallery has-nested-images columns-default is-cropped wp-block-gallery-3 is-layout-flex wp-block-gallery-is-layout-flex\">\n<figure class=\"wp-block-image size-large\"><img loading=\"lazy\" decoding=\"async\" width=\"1080\" height=\"809\" data-id=\"2249\" src=\"http:\/\/times.cd\/wp-content\/uploads\/2022\/09\/IMG-20220925-WA0184.jpg\" alt=\"\" class=\"wp-image-2249\" srcset=\"https:\/\/times.cd\/wp-content\/uploads\/2022\/09\/IMG-20220925-WA0184.jpg 1080w, https:\/\/times.cd\/wp-content\/uploads\/2022\/09\/IMG-20220925-WA0184-300x225.jpg 300w, https:\/\/times.cd\/wp-content\/uploads\/2022\/09\/IMG-20220925-WA0184-1024x767.jpg 1024w, https:\/\/times.cd\/wp-content\/uploads\/2022\/09\/IMG-20220925-WA0184-768x575.jpg 768w, https:\/\/times.cd\/wp-content\/uploads\/2022\/09\/IMG-20220925-WA0184-501x375.jpg 501w\" sizes=\"(max-width: 1080px) 100vw, 1080px\" \/><\/figure>\n<\/figure>\n\n\n\n<p>Signalons qu&rsquo;au cours du lancement officiel, une s\u00e9ance de question r\u00e9ponse a \u00e9t\u00e9 organis\u00e9e avec un regard tourn\u00e9 sur le d\u00e9veloppement de Mont-Ngafula. Le ministre provincial Thierry Kitenga et le bourgmestre de Mont-Ngafula ont, tour \u00e0 tour, salu\u00e9 le bon combat de de l&rsquo;ASBL les Amis de Blanchard Ipipo pour le D\u00e9veloppement Int\u00e9gral de la Jeunesse dans le domaine de l&rsquo;Agriculture.<\/p>\n\n\n\n<figure class=\"wp-block-gallery has-nested-images columns-default is-cropped wp-block-gallery-4 is-layout-flex wp-block-gallery-is-layout-flex\">\n<figure class=\"wp-block-image size-large\"><img loading=\"lazy\" decoding=\"async\" width=\"1080\" height=\"809\" data-id=\"2250\" src=\"http:\/\/times.cd\/wp-content\/uploads\/2022\/09\/IMG-20220925-WA0186.jpg\" alt=\"\" class=\"wp-image-2250\" srcset=\"https:\/\/times.cd\/wp-content\/uploads\/2022\/09\/IMG-20220925-WA0186.jpg 1080w, https:\/\/times.cd\/wp-content\/uploads\/2022\/09\/IMG-20220925-WA0186-300x225.jpg 300w, https:\/\/times.cd\/wp-content\/uploads\/2022\/09\/IMG-20220925-WA0186-1024x767.jpg 1024w, https:\/\/times.cd\/wp-content\/uploads\/2022\/09\/IMG-20220925-WA0186-768x575.jpg 768w, https:\/\/times.cd\/wp-content\/uploads\/2022\/09\/IMG-20220925-WA0186-501x375.jpg 501w\" sizes=\"(max-width: 1080px) 100vw, 1080px\" \/><\/figure>\n<\/figure>\n\n\n\n<p>Aussi natif de Mont-Ngafula, le ministre provincial Thierry Kitenga a promis aux notables de Mont-Ngafula de plaider en leur faveur aupr\u00e8s des autorit\u00e9s comp\u00e9tentes, pour la construction des \u00e9coles des centres de sant\u00e9 et mettre fin \u00e0 l&rsquo;ins\u00e9curit\u00e9 dans cette contr\u00e9e.<\/p>\n\n\n\n<p>Francis Luende<\/p>\n\n\n\n<figure class=\"wp-block-gallery has-nested-images columns-default is-cropped wp-block-gallery-5 is-layout-flex wp-block-gallery-is-layout-flex\"><\/figure>\n","protected":false},"excerpt":{"rendered":"<p>A Kinshasa, c\u2019est ce samedi 24 septembre 2022 que l\u2019ASBL les amis de Blanchard Ipipo a lanc\u00e9 officiellement ses activit\u00e9s visant le d\u00e9veloppement socio\u00e9conomique des Congolais en g\u00e9n\u00e9ral et de la commune de Mont-Ngafula en particulier. Prenant la parole au cours de cette c\u00e9r\u00e9monie, le pr\u00e9sident, Blanchard Ipipo a soulign\u00e9 que, cette ASBL soutien les [&hellip;]<\/p>\n","protected":false},"author":1,"featured_media":2245,"comment_status":"open","ping_status":"open","sticky":false,"template":"","format":"standard","meta":{"footnotes":""},"categories":[25],"tags":[],"_links":{"self":[{"href":"https:\/\/times.cd\/index.php\/wp-json\/wp\/v2\/posts\/2244"}],"collection":[{"href":"https:\/\/times.cd\/index.php\/wp-json\/wp\/v2\/posts"}],"about":[{"href":"https:\/\/times.cd\/index.php\/wp-json\/wp\/v2\/types\/post"}],"author":[{"embeddable":true,"href":"https:\/\/times.cd\/index.php\/wp-json\/wp\/v2\/users\/1"}],"replies":[{"embeddable":true,"href":"https:\/\/times.cd\/index.php\/wp-json\/wp\/v2\/comments?post=2244"}],"version-history":[{"count":1,"href":"https:\/\/times.cd\/index.php\/wp-json\/wp\/v2\/posts\/2244\/revisions"}],"predecessor-version":[{"id":2251,"href":"https:\/\/times.cd\/index.php\/wp-json\/wp\/v2\/posts\/2244\/revisions\/2251"}],"wp:featuredmedia":[{"embeddable":true,"href":"https:\/\/times.cd\/index.php\/wp-json\/wp\/v2\/media\/2245"}],"wp:attachment":[{"href":"https:\/\/times.cd\/index.php\/wp-json\/wp\/v2\/media?parent=2244"}],"wp:term":[{"taxonomy":"category","embeddable":true,"href":"https:\/\/times.cd\/index.php\/wp-json\/wp\/v2\/categories?post=2244"},{"taxonomy":"post_tag","embeddable":true,"href":"https:\/\/times.cd\/index.php\/wp-json\/wp\/v2\/tags?post=2244"}],"curies":[{"name":"wp","href":"https:\/\/api.w.org\/{rel}","templated":true}]}}