{"id":2236,"date":"2022-09-24T11:48:47","date_gmt":"2022-09-24T11:48:47","guid":{"rendered":"https:\/\/times.cd\/?p=2236"},"modified":"2022-09-24T11:48:48","modified_gmt":"2022-09-24T11:48:48","slug":"beni-la-synergie-des-notables-et-association-du-grand-kasai-ont-rendu-des-civilites-marathon-au-maire-de-la-ville-de-beni-mr-narcisse-muteba-kashale","status":"publish","type":"post","link":"https:\/\/times.cd\/index.php\/2022\/09\/24\/beni-la-synergie-des-notables-et-association-du-grand-kasai-ont-rendu-des-civilites-marathon-au-maire-de-la-ville-de-beni-mr-narcisse-muteba-kashale\/","title":{"rendered":"Beni : La Synergie des notables et association du Grand Kasa\u00ef, ont rendu des civilit\u00e9s marathon au maire de la ville de Beni, Mr Narcisse Muteba Kashale"},"content":{"rendered":"\n<p><\/p>\n\n\n\n<p><\/p>\n\n\n\n<p>Cette activit\u00e9 d&rsquo;ampleur vitale \u00e0 lieu ce Jeudi 23 septembre, organis\u00e9e par la Synergie des notables et association du Grand Kasa\u00ef, afin de confirmer au maire de Beni sur l&rsquo;implantation de la Synergie Grand Kasa\u00ef au niveau de Beni, comme dans d&rsquo;autres provinces de la RDC.<\/p>\n\n\n\n<p>Selon Mme Ngalula Mulumba Baby Henriette, qui est la responsable de cette asbl dans cette ville.<\/p>\n\n\n\n<p>contact\u00e9e par la r\u00e9daction du Times.cd, elle nous a pr\u00e9cis\u00e9e que le lancement va coupler avec plusieurs activit\u00e9s de routine, qui regorgent la Synergie des notable et association de grand Kasa\u00ef .<\/p>\n\n\n\n<p>Elle poursuit:<br>\u00ab\u00a0nous appelons tous les Congolais qui vivent \u00e0 l&rsquo;ext\u00e9rieur du pays de faire le comeback, pour la reconstruction du pays riche plein des potentialit\u00e9s, qui est la RDC, car nous ne voulons pas que notre cher pays soit d\u00e9truit car aujourd&rsquo;hui, nous sommes menac\u00e9s par des ennemis jour et nuit.<br>Comme la cynergie est mondiale, aujourd&rsquo;hui c&rsquo;est un bon moment de faire aussi de grande chose dans la ville de Beni\u00a0\u00bb, conclu &#8211; t-elle.<\/p>\n\n\n\n<p>Pour sa part, maire de la ville de Beni, qui est le repr\u00e9sentant direct du pr\u00e9sident de la R\u00e9publique, a rassur\u00e9 \u00e0 ces h\u00f4tes, ses soutiens ind\u00e9fectibles, pour l&rsquo;\u00e9mergence de la Synergie Grand Kasa\u00ef \u00e0 Beni.<\/p>\n","protected":false},"excerpt":{"rendered":"<p>Cette activit\u00e9 d&rsquo;ampleur vitale \u00e0 lieu ce Jeudi 23 septembre, organis\u00e9e par la Synergie des notables et association du Grand Kasa\u00ef, afin de confirmer au maire de Beni sur l&rsquo;implantation de la Synergie Grand Kasa\u00ef au niveau de Beni, comme dans d&rsquo;autres provinces de la RDC. Selon Mme Ngalula Mulumba Baby Henriette, qui est la [&hellip;]<\/p>\n","protected":false},"author":1,"featured_media":2237,"comment_status":"open","ping_status":"open","sticky":false,"template":"","format":"standard","meta":{"footnotes":""},"categories":[25],"tags":[],"_links":{"self":[{"href":"https:\/\/times.cd\/index.php\/wp-json\/wp\/v2\/posts\/2236"}],"collection":[{"href":"https:\/\/times.cd\/index.php\/wp-json\/wp\/v2\/posts"}],"about":[{"href":"https:\/\/times.cd\/index.php\/wp-json\/wp\/v2\/types\/post"}],"author":[{"embeddable":true,"href":"https:\/\/times.cd\/index.php\/wp-json\/wp\/v2\/users\/1"}],"replies":[{"embeddable":true,"href":"https:\/\/times.cd\/index.php\/wp-json\/wp\/v2\/comments?post=2236"}],"version-history":[{"count":1,"href":"https:\/\/times.cd\/index.php\/wp-json\/wp\/v2\/posts\/2236\/revisions"}],"predecessor-version":[{"id":2238,"href":"https:\/\/times.cd\/index.php\/wp-json\/wp\/v2\/posts\/2236\/revisions\/2238"}],"wp:featuredmedia":[{"embeddable":true,"href":"https:\/\/times.cd\/index.php\/wp-json\/wp\/v2\/media\/2237"}],"wp:attachment":[{"href":"https:\/\/times.cd\/index.php\/wp-json\/wp\/v2\/media?parent=2236"}],"wp:term":[{"taxonomy":"category","embeddable":true,"href":"https:\/\/times.cd\/index.php\/wp-json\/wp\/v2\/categories?post=2236"},{"taxonomy":"post_tag","embeddable":true,"href":"https:\/\/times.cd\/index.php\/wp-json\/wp\/v2\/tags?post=2236"}],"curies":[{"name":"wp","href":"https:\/\/api.w.org\/{rel}","templated":true}]}}