{"id":2232,"date":"2022-09-23T14:08:51","date_gmt":"2022-09-23T14:08:51","guid":{"rendered":"https:\/\/times.cd\/?p=2232"},"modified":"2022-09-23T14:08:52","modified_gmt":"2022-09-23T14:08:52","slug":"a-loccasion-du-lancement-officiel-de-lasbl-les-amis-de-blanchard-ipipo-le-ministre-thierry-tshitenga-sera-recu-par-tout-le-groupement-mbenkana","status":"publish","type":"post","link":"https:\/\/times.cd\/index.php\/2022\/09\/23\/a-loccasion-du-lancement-officiel-de-lasbl-les-amis-de-blanchard-ipipo-le-ministre-thierry-tshitenga-sera-recu-par-tout-le-groupement-mbenkana\/","title":{"rendered":"A l&rsquo;occasion du lancement officiel de L&rsquo;Asbl les Amis de Blanchard Ipipo: le ministre Thierry Tshitenga sera re\u00e7u par tout le groupement Mbenkana"},"content":{"rendered":"\n<p><\/p>\n\n\n\n<p>Il se passe toujours quelque chose \u00e0 l&rsquo;Asbl les amis de Blanchard Ipipo, une association qui soutien les actions du chef de l&rsquo;\u00e9tat, Felix Tshisekedi depuis son accession \u00e0 la magistrature supr\u00eame. A cet effet, les amis de Blanchard Ipipo et le groupement Mbenkana recevra ce samedi 24 septembre, le ministre provincial des infrastructures et Travaux publics, Thierry Tshitenga \u00e0 l&rsquo;occasion du lancement officiel de l&rsquo;association \u00e0 l&rsquo;espace Maman Viviane dans la commune de Mont-Ngafula, quartier Kimwenza ref: petit panier.<\/p>\n\n\n\n<p>Par cette m\u00eame occasion, plusieurs manifestations sont pr\u00e9vus afin de montrer leur attachement au ministre provincial pour ses r\u00e9alisations sans pr\u00e9c\u00e9dentes dans la construction des routes de la ville de Kinshasa.<\/p>\n\n\n\n<figure class=\"wp-block-gallery has-nested-images columns-default is-cropped wp-block-gallery-1 is-layout-flex wp-block-gallery-is-layout-flex\">\n<figure class=\"wp-block-image size-large\"><img loading=\"lazy\" decoding=\"async\" width=\"720\" height=\"715\" data-id=\"2234\" src=\"http:\/\/times.cd\/wp-content\/uploads\/2022\/09\/IMG-20220922-WA0121.jpg\" alt=\"\" class=\"wp-image-2234\" srcset=\"https:\/\/times.cd\/wp-content\/uploads\/2022\/09\/IMG-20220922-WA0121.jpg 720w, https:\/\/times.cd\/wp-content\/uploads\/2022\/09\/IMG-20220922-WA0121-300x298.jpg 300w, https:\/\/times.cd\/wp-content\/uploads\/2022\/09\/IMG-20220922-WA0121-150x150.jpg 150w, https:\/\/times.cd\/wp-content\/uploads\/2022\/09\/IMG-20220922-WA0121-170x170.jpg 170w\" sizes=\"(max-width: 720px) 100vw, 720px\" \/><\/figure>\n<\/figure>\n\n\n\n<p>La coordination Provinciale de Asbl les Amis de Blanchard Ipipo,<br>appelle les filles et fils de Mont-Ngafula de r\u00e9hausser de leur pr\u00e9sence afin de sacraliser la confiance plac\u00e9e en la personne de Thierry Tshitenga pour ses actions ind\u00e9l\u00e9biles \u00e0 la vision de l&rsquo;Union Sacr\u00e9e de la Nation.<\/p>\n\n\n\n<p>\u00ab nous lan\u00e7ons un cri d&rsquo;appel \u00e0 toutes les filles et fils de kinshasa d&rsquo;adh\u00e9rer massivement au \u00ab\u00a0Asbl\u00a0\u00bb, les Amis de Blanchard Ipipo pour soutenir les actions du Chef de l&rsquo;\u00c9tat afin de lui permettre de sortir l&rsquo;\u00c9tat Congolais du gouffre et de la pr\u00e9dation longtemps install\u00e9s dans le territoire national \u00bb, a d\u00e9clar\u00e9 un de responsable de cette Asbl<\/p>\n\n\n\n<p>Cellcom les Amis de Blanchard Ipipo<\/p>\n","protected":false},"excerpt":{"rendered":"<p>Il se passe toujours quelque chose \u00e0 l&rsquo;Asbl les amis de Blanchard Ipipo, une association qui soutien les actions du chef de l&rsquo;\u00e9tat, Felix Tshisekedi depuis son accession \u00e0 la magistrature supr\u00eame. A cet effet, les amis de Blanchard Ipipo et le groupement Mbenkana recevra ce samedi 24 septembre, le ministre provincial des infrastructures et [&hellip;]<\/p>\n","protected":false},"author":1,"featured_media":2233,"comment_status":"open","ping_status":"open","sticky":false,"template":"","format":"standard","meta":{"footnotes":""},"categories":[25],"tags":[],"_links":{"self":[{"href":"https:\/\/times.cd\/index.php\/wp-json\/wp\/v2\/posts\/2232"}],"collection":[{"href":"https:\/\/times.cd\/index.php\/wp-json\/wp\/v2\/posts"}],"about":[{"href":"https:\/\/times.cd\/index.php\/wp-json\/wp\/v2\/types\/post"}],"author":[{"embeddable":true,"href":"https:\/\/times.cd\/index.php\/wp-json\/wp\/v2\/users\/1"}],"replies":[{"embeddable":true,"href":"https:\/\/times.cd\/index.php\/wp-json\/wp\/v2\/comments?post=2232"}],"version-history":[{"count":1,"href":"https:\/\/times.cd\/index.php\/wp-json\/wp\/v2\/posts\/2232\/revisions"}],"predecessor-version":[{"id":2235,"href":"https:\/\/times.cd\/index.php\/wp-json\/wp\/v2\/posts\/2232\/revisions\/2235"}],"wp:featuredmedia":[{"embeddable":true,"href":"https:\/\/times.cd\/index.php\/wp-json\/wp\/v2\/media\/2233"}],"wp:attachment":[{"href":"https:\/\/times.cd\/index.php\/wp-json\/wp\/v2\/media?parent=2232"}],"wp:term":[{"taxonomy":"category","embeddable":true,"href":"https:\/\/times.cd\/index.php\/wp-json\/wp\/v2\/categories?post=2232"},{"taxonomy":"post_tag","embeddable":true,"href":"https:\/\/times.cd\/index.php\/wp-json\/wp\/v2\/tags?post=2232"}],"curies":[{"name":"wp","href":"https:\/\/api.w.org\/{rel}","templated":true}]}}