{"id":2228,"date":"2022-09-23T11:35:17","date_gmt":"2022-09-23T11:35:17","guid":{"rendered":"https:\/\/times.cd\/?p=2228"},"modified":"2022-09-23T11:35:19","modified_gmt":"2022-09-23T11:35:19","slug":"a-lonu-la-rdc-a-livre-le-message-quil-faut-au-lieu-quil-faut-et-au-moment-quil-faut-me-constant-mutamba","status":"publish","type":"post","link":"https:\/\/times.cd\/index.php\/2022\/09\/23\/a-lonu-la-rdc-a-livre-le-message-quil-faut-au-lieu-quil-faut-et-au-moment-quil-faut-me-constant-mutamba\/","title":{"rendered":"\u00c0 l\u2019ONU, la RDC a livr\u00e9 le message qu\u2019il faut, au lieu qu\u2019il faut et au moment qu\u2019il faut (Me Constant Mutamba )"},"content":{"rendered":"\n<p><\/p>\n\n\n\n<p><\/p>\n\n\n\n<p>La DYPRO va d\u00e9f\u00e9rer les autorit\u00e9s rwandaises devant la CPI pour crimes de guerre, crimes d\u2019agression et crimes contre l\u2019humanit\u00e9 commis \u00e0 l\u2019Est de la RDC.<\/p>\n\n\n\n<p>L\u2019histoire retiendra qu\u2019\u00e0 la 77\u00e8me Assembl\u00e9e annuelle de l\u2019ONU \u00e0 New -York, la R\u00e9publique D\u00e9mocratique du Congo a hauss\u00e9 le ton sur toute la constellation des complices de la d\u00e9structuration du Congo-Kinshasa.<\/p>\n\n\n\n<p>La Dynamique Progressiste R\u00e9volutionnaire (DYPRO), plateforme de l\u2019opposition r\u00e9publicaine partage int\u00e9gralement la position d\u00e9fendue \u00e0 la 77\u00e8me Assembl\u00e9e G\u00e9n\u00e9rale de l\u2019Organisation des Nations-Unies par le Gouvernement de la R\u00e9publique D\u00e9mocratique du Congo \u00e0 travers le discours du Pr\u00e9sident de la R\u00e9publique.<\/p>\n\n\n\n<p>\u00c0 partir de cette date du 20 septembre 2022:<\/p>\n\n\n\n<ol><li>Hommes, Femmes, Enfants, Bless\u00e9s de guerre, D\u00e9plac\u00e9s de guerre, Orphelins de p\u00e8re et de m\u00e8re dont les parents ont \u00e9t\u00e9 fauch\u00e9s par la barbarie Rwando-ougandaise ainsi que les veufs et les veuves qui ne r\u00eaveront plus jamais leurs conjoints d\u00e9c\u00e9d\u00e9s \u00e0 la suite des massacres, tueries atroces et ex\u00e9cutions sommaires de la part des terroristes du Rwanda, peuvent enfin hisser un soupir d\u2019espoir que tous les crimes de guerre, crimes contre l\u2019humanit\u00e9 et crimes de g\u00e9nocide commis en R\u00e9publique D\u00e9mocratique du Congo seront revendiqu\u00e9s aux v\u00e9ritables auteurs de cette trag\u00e9die qui n\u2019a fait que trop durer;<\/li><li>Une nouvelle page paradigmatique s\u2019ouvre pour la RDC offrant une nouvelle conduite politique \u00e0 tout notre peuple de savoir vivre en r\u00e9sistant \u00e0 toute guerre, \u00e0 toute provocation, \u00e0 toute inamicalit\u00e9, \u00e0 toute pr\u00e9dation de nos ressources naturelles et \u00e0 toute tentative de recolonisation ;<\/li><li>Notre nation d\u00e9sormais audible fera \u00e9cho de nos crimes \u00e0 tous les rendez-vous mondiaux non pas comme un signe de faiblesse mais comme une alerte qui mette dirigeants et habitants de la terre au courant du complot de l\u2019axe du mal et ses auteurs intellectuels, ses ex\u00e9cutants \u00e9conomiques et politiques ainsi que leurs kamikazes dor\u00e9navant identifi\u00e9s dans la r\u00e9gion des grands lacs;<\/li><li>L\u2019extr\u00eame niveau du danger de disparition programm\u00e9e de la R\u00e9publique D\u00e9mocratique du Congo recommande la suspension de tous les projets pour ne nous focaliser que sur la survie de la nation. Cet \u00e9tat d\u2019esprit patriotiquement r\u00e9volutionnaire et ind\u00e9pendantiste doit s\u2019enseigner d\u00e9sormais dans nos bus, dans nos \u00e9glises, dans nos cr\u00e8ches jusqu\u2019\u00e0 l\u2019universit\u00e9;<\/li><\/ol>\n\n\n\n<p>La DYPRO invite toute la classe politique et sociale de la R\u00e9publique D\u00e9mocratique du Congo \u00e0 un sursaut patriotique qui \u00e9loigne nos querelles \u00e9lectoralistes et privil\u00e9gie une unit\u00e9 d\u2019esprit et convergence vers la restauration de la nation, la r\u00e9cup\u00e9ration de nos villages, villes et cit\u00e9s brutalement occup\u00e9s par les agresseurs rwandais et la consolidation de notre souverainet\u00e9 symbolis\u00e9e par l\u2019unit\u00e9 nationale, l\u2019int\u00e9grit\u00e9 territoriale et la non n\u00e9gociable intangibilit\u00e9 de nos fronti\u00e8res.<\/p>\n\n\n\n<p>La DYPRO invite le Pr\u00e9sident de la R\u00e9publique \u00e0 des larges consultations de restitution afin de gagner toutes les \u00e2mes congolaises dans cette guerre injuste et inutile. \u00c0 cette occasion, invitons-nous le Chef de l\u2019Etat \u00e0 favoriser un climat de grande coh\u00e9sion nationale qui chasse toute consid\u00e9ration de divisionnisme entre l\u2019Union Sacr\u00e9e et l\u2019Opposition politique.<\/p>\n\n\n\n<p>La DYPRO promet de d\u00e9f\u00e9rer dans les tout prochains jours l \u2019agression et l\u2019occupation rwandaises devant le Procureur pr\u00e8s la Cour p\u00e9nale internationale, pour crimes de guerre, crimes d\u2019agression et crimes contre l\u2019humanit\u00e9 commis \u00e0 l\u2019Est de la R\u00e9publique D\u00e9mocratique du Congo.<\/p>\n\n\n\n<p>Avec\/ Thierry Kasongo<\/p>\n","protected":false},"excerpt":{"rendered":"<p>La DYPRO va d\u00e9f\u00e9rer les autorit\u00e9s rwandaises devant la CPI pour crimes de guerre, crimes d\u2019agression et crimes contre l\u2019humanit\u00e9 commis \u00e0 l\u2019Est de la RDC. L\u2019histoire retiendra qu\u2019\u00e0 la 77\u00e8me Assembl\u00e9e annuelle de l\u2019ONU \u00e0 New -York, la R\u00e9publique D\u00e9mocratique du Congo a hauss\u00e9 le ton sur toute la constellation des complices de la [&hellip;]<\/p>\n","protected":false},"author":1,"featured_media":2229,"comment_status":"open","ping_status":"open","sticky":false,"template":"","format":"standard","meta":{"footnotes":""},"categories":[25],"tags":[],"_links":{"self":[{"href":"https:\/\/times.cd\/index.php\/wp-json\/wp\/v2\/posts\/2228"}],"collection":[{"href":"https:\/\/times.cd\/index.php\/wp-json\/wp\/v2\/posts"}],"about":[{"href":"https:\/\/times.cd\/index.php\/wp-json\/wp\/v2\/types\/post"}],"author":[{"embeddable":true,"href":"https:\/\/times.cd\/index.php\/wp-json\/wp\/v2\/users\/1"}],"replies":[{"embeddable":true,"href":"https:\/\/times.cd\/index.php\/wp-json\/wp\/v2\/comments?post=2228"}],"version-history":[{"count":1,"href":"https:\/\/times.cd\/index.php\/wp-json\/wp\/v2\/posts\/2228\/revisions"}],"predecessor-version":[{"id":2230,"href":"https:\/\/times.cd\/index.php\/wp-json\/wp\/v2\/posts\/2228\/revisions\/2230"}],"wp:featuredmedia":[{"embeddable":true,"href":"https:\/\/times.cd\/index.php\/wp-json\/wp\/v2\/media\/2229"}],"wp:attachment":[{"href":"https:\/\/times.cd\/index.php\/wp-json\/wp\/v2\/media?parent=2228"}],"wp:term":[{"taxonomy":"category","embeddable":true,"href":"https:\/\/times.cd\/index.php\/wp-json\/wp\/v2\/categories?post=2228"},{"taxonomy":"post_tag","embeddable":true,"href":"https:\/\/times.cd\/index.php\/wp-json\/wp\/v2\/tags?post=2228"}],"curies":[{"name":"wp","href":"https:\/\/api.w.org\/{rel}","templated":true}]}}