{"id":2219,"date":"2022-09-22T14:36:41","date_gmt":"2022-09-22T14:36:41","guid":{"rendered":"https:\/\/times.cd\/?p=2219"},"modified":"2022-09-22T14:36:42","modified_gmt":"2022-09-22T14:36:42","slug":"sa-majeste-frederic-inkani-est-le-chef-incoteste-et-incontournable-du-peuple-yaka-jean-marie-peti-peti","status":"publish","type":"post","link":"https:\/\/times.cd\/index.php\/2022\/09\/22\/sa-majeste-frederic-inkani-est-le-chef-incoteste-et-incontournable-du-peuple-yaka-jean-marie-peti-peti\/","title":{"rendered":"Sa Majest\u00e9 Fr\u00e9d\u00e9ric Inkani est le chef incotest\u00e9 et incontournable du peuple Yaka (Jean-Marie Peti Peti)"},"content":{"rendered":"\n<p><\/p>\n\n\n\n<p><\/p>\n\n\n\n<p>Le vice-Premier ministre et ministre de l\u2019Int\u00e9rieur, s\u00e9curit\u00e9, d\u00e9centralisation et affaires coutumi\u00e8res, Daniel Aselo Okito Wankoy a re\u00e7u ce mercredi 21 septembre dans son cabinet de travail, une d\u00e9l\u00e9gation compos\u00e9e des d\u00e9put\u00e9s, de chefs coutumiers et le gouverneur de Kwango, Jean-Marie Peti Peti. La situation qui pr\u00e9vaut dans  la province de Kwango pr\u00e9cis\u00e9ment a \u00e9t\u00e9 au centre au centre de leur \u00e9change.<\/p>\n\n\n\n<p>Sa majest\u00e9 Fr\u00e9d\u00e9rique Inkani qui repr\u00e9sente plus de 80% de population de la province de Kwango a martel\u00e9 sur le retour de la paix.<\/p>\n\n\n\n<p>\u00ab\u00a0Nous demandons \u00e0 tous les bellig\u00e9rants de quitter la brousse, de jeter les armes afin de se mettre autour d&rsquo;une table pour parler de la paix totale dans notre province\u00a0\u00bb.<\/p>\n\n\n\n<p>Pour sa part, le gouverneur de la province du Kwango, Jean- Marie Peti Peti s&rsquo;est exprim\u00e9 en ses termes:<\/p>\n\n\n\n<p>\u00ab\u00a0Nous sommes ici \u00e0 l&rsquo;initiative de Sa Majest\u00e9 Fr\u00e9d\u00e9ric Inkani qui est \u00e0 la t\u00eate d&rsquo;une d\u00e9l\u00e9gation compos\u00e9e des chefs coutumiers, des d\u00e9put\u00e9s provinciaux et les d\u00e9put\u00e9s nationaux, car il est le seul chef incotest\u00e9 et incontournable du peuple Yaka. 80% de peuple de la province de Kwango son de Yaka. En ma qualit\u00e9 de gouverneur celui que je reconnais. Jai son arr\u00eat\u00e9 ici. Sa pr\u00e9sence c&rsquo;est pour lanc\u00e9<br>un message paix, a d\u00e9clar\u00e9 le gouverneur Jean-Marie Peti Peti<\/p>\n\n\n\n<p>Pour rappel, le conflit entre Yaka et Teke a caus\u00e9 plusieurs d\u00e9plac\u00e9s et morts. Le nombre des d\u00e9plac\u00e9s, ayant fui les hostilit\u00e9s entre les Teke et les Yaka du territoire de Kwamouth (Mai-Ndombe), s&rsquo;\u00e9l\u00e8ve \u00e0 onze mille neuf cents et trois (11 903) dans la province du Kwilu. L&rsquo;information a \u00e9t\u00e9 donn\u00e9e par le directeur de cabinet du ministre provincial des actions humanitaires du Kwilu lundi 19 septembre \u00e0 Radio Okapi, pr\u00e9cisant qu&rsquo;ils \u00e9taient environ quatre mille en moins d&rsquo;une semaine.<\/p>\n\n\n\n<figure class=\"wp-block-gallery has-nested-images columns-default is-cropped wp-block-gallery-1 is-layout-flex wp-block-gallery-is-layout-flex\"><\/figure>\n\n\n\n<figure class=\"wp-block-gallery has-nested-images columns-default is-cropped wp-block-gallery-2 is-layout-flex wp-block-gallery-is-layout-flex\">\n<figure class=\"wp-block-image size-large\"><img loading=\"lazy\" decoding=\"async\" width=\"720\" height=\"1600\" data-id=\"2221\" src=\"http:\/\/times.cd\/wp-content\/uploads\/2022\/09\/Screenshot_20220922-151345.jpg\" alt=\"\" class=\"wp-image-2221\" srcset=\"https:\/\/times.cd\/wp-content\/uploads\/2022\/09\/Screenshot_20220922-151345.jpg 720w, https:\/\/times.cd\/wp-content\/uploads\/2022\/09\/Screenshot_20220922-151345-135x300.jpg 135w, https:\/\/times.cd\/wp-content\/uploads\/2022\/09\/Screenshot_20220922-151345-461x1024.jpg 461w, https:\/\/times.cd\/wp-content\/uploads\/2022\/09\/Screenshot_20220922-151345-691x1536.jpg 691w\" sizes=\"(max-width: 720px) 100vw, 720px\" \/><\/figure>\n<\/figure>\n\n\n\n<p>Les 11.903 d\u00e9plac\u00e9s de Kwamouth sont accueillis dans la province du Kwilu : 2.949 dans la ville de Bandundu et 8.954 dans le territoire de Bagata, pr\u00e9cis\u00e9ment dans les secteurs de Wamba et de Kwango Kasa\u00ef.<\/p>\n\n\n\n<p>Francis Luende<\/p>\n","protected":false},"excerpt":{"rendered":"<p>Le vice-Premier ministre et ministre de l\u2019Int\u00e9rieur, s\u00e9curit\u00e9, d\u00e9centralisation et affaires coutumi\u00e8res, Daniel Aselo Okito Wankoy a re\u00e7u ce mercredi 21 septembre dans son cabinet de travail, une d\u00e9l\u00e9gation compos\u00e9e des d\u00e9put\u00e9s, de chefs coutumiers et le gouverneur de Kwango, Jean-Marie Peti Peti. La situation qui pr\u00e9vaut dans la province de Kwango pr\u00e9cis\u00e9ment a \u00e9t\u00e9 [&hellip;]<\/p>\n","protected":false},"author":1,"featured_media":2220,"comment_status":"open","ping_status":"open","sticky":false,"template":"","format":"standard","meta":{"footnotes":""},"categories":[25],"tags":[],"_links":{"self":[{"href":"https:\/\/times.cd\/index.php\/wp-json\/wp\/v2\/posts\/2219"}],"collection":[{"href":"https:\/\/times.cd\/index.php\/wp-json\/wp\/v2\/posts"}],"about":[{"href":"https:\/\/times.cd\/index.php\/wp-json\/wp\/v2\/types\/post"}],"author":[{"embeddable":true,"href":"https:\/\/times.cd\/index.php\/wp-json\/wp\/v2\/users\/1"}],"replies":[{"embeddable":true,"href":"https:\/\/times.cd\/index.php\/wp-json\/wp\/v2\/comments?post=2219"}],"version-history":[{"count":1,"href":"https:\/\/times.cd\/index.php\/wp-json\/wp\/v2\/posts\/2219\/revisions"}],"predecessor-version":[{"id":2223,"href":"https:\/\/times.cd\/index.php\/wp-json\/wp\/v2\/posts\/2219\/revisions\/2223"}],"wp:featuredmedia":[{"embeddable":true,"href":"https:\/\/times.cd\/index.php\/wp-json\/wp\/v2\/media\/2220"}],"wp:attachment":[{"href":"https:\/\/times.cd\/index.php\/wp-json\/wp\/v2\/media?parent=2219"}],"wp:term":[{"taxonomy":"category","embeddable":true,"href":"https:\/\/times.cd\/index.php\/wp-json\/wp\/v2\/categories?post=2219"},{"taxonomy":"post_tag","embeddable":true,"href":"https:\/\/times.cd\/index.php\/wp-json\/wp\/v2\/tags?post=2219"}],"curies":[{"name":"wp","href":"https:\/\/api.w.org\/{rel}","templated":true}]}}