{"id":2216,"date":"2022-09-20T19:49:44","date_gmt":"2022-09-20T19:49:44","guid":{"rendered":"https:\/\/times.cd\/?p=2216"},"modified":"2022-09-20T19:49:46","modified_gmt":"2022-09-20T19:49:46","slug":"beni-60-chefs-des-quartiers-et-leurs-adjoints-ont-prete-serment-comme-opj-a-competence-restreinte","status":"publish","type":"post","link":"https:\/\/times.cd\/index.php\/2022\/09\/20\/beni-60-chefs-des-quartiers-et-leurs-adjoints-ont-prete-serment-comme-opj-a-competence-restreinte\/","title":{"rendered":"Beni : 60 chefs des quartiers et leurs adjoints ont pr\u00eat\u00e9 serment, comme OPJ \u00e0 comp\u00e9tence restreinte"},"content":{"rendered":"\n<p><\/p>\n\n\n\n<p><\/p>\n\n\n\n<p>Rapproch\u00e9s par la justice des justiciables, des chefs des quartiers, autorit\u00e9s politico-administratifs, autorit\u00e9s de base, viennent d&rsquo;\u00eatres enrichis des connaissances juridiques durant 3 jours \u00e0 Beni.<\/p>\n\n\n\n<p>Notamment : le droit p\u00e9nale Congolais, la proc\u00e9dure p\u00e9nale, le proc\u00e8s verbal et des notions administratives.<\/p>\n\n\n\n<p>C&rsquo;est devant le procureur de la R\u00e9publique, pr\u00e8s le tribunal de grande instance de Beni, Philippe IRUNGO MAJIKO que ces derniers ont pr\u00e9t\u00e9 le serment suivant : \u00ab\u00a0Je jure, fid\u00e9lit\u00e9 au pr\u00e9sident de la R\u00e9publique, ob\u00e9issance \u00e0 la constitution et aux lois de la R\u00e9publique D\u00e9mocratique du Congo, de remplir fid\u00e8lement les fonctions qui me sont confi\u00e9es et d&rsquo;en rendre loyalement compte \u00e0 l&rsquo;officier du Minist\u00e8re public.<\/p>\n\n\n\n<p>Selon le procureur de la R\u00e9publique pr\u00e8s le tribunal de grande instance de Beni, la capacit\u00e9 des chefs de quartier suivi de prestations de serment a \u00e9t\u00e9 organis\u00e9e conjointement entre le parquet de grande instance de Beni et la Mairie de la ville de Beni.<br>Pour terminer, le procureur a pr\u00e9cis\u00e9 que, ces OPJ, ne remplacent pas les Officiers de la police judiciaire, ils ont une comp\u00e9tence restreinte pour juger seulement la population de leurs quartiers.<\/p>\n","protected":false},"excerpt":{"rendered":"<p>Rapproch\u00e9s par la justice des justiciables, des chefs des quartiers, autorit\u00e9s politico-administratifs, autorit\u00e9s de base, viennent d&rsquo;\u00eatres enrichis des connaissances juridiques durant 3 jours \u00e0 Beni. Notamment : le droit p\u00e9nale Congolais, la proc\u00e9dure p\u00e9nale, le proc\u00e8s verbal et des notions administratives. C&rsquo;est devant le procureur de la R\u00e9publique, pr\u00e8s le tribunal de grande instance [&hellip;]<\/p>\n","protected":false},"author":1,"featured_media":2217,"comment_status":"open","ping_status":"open","sticky":false,"template":"","format":"standard","meta":{"footnotes":""},"categories":[25],"tags":[],"_links":{"self":[{"href":"https:\/\/times.cd\/index.php\/wp-json\/wp\/v2\/posts\/2216"}],"collection":[{"href":"https:\/\/times.cd\/index.php\/wp-json\/wp\/v2\/posts"}],"about":[{"href":"https:\/\/times.cd\/index.php\/wp-json\/wp\/v2\/types\/post"}],"author":[{"embeddable":true,"href":"https:\/\/times.cd\/index.php\/wp-json\/wp\/v2\/users\/1"}],"replies":[{"embeddable":true,"href":"https:\/\/times.cd\/index.php\/wp-json\/wp\/v2\/comments?post=2216"}],"version-history":[{"count":1,"href":"https:\/\/times.cd\/index.php\/wp-json\/wp\/v2\/posts\/2216\/revisions"}],"predecessor-version":[{"id":2218,"href":"https:\/\/times.cd\/index.php\/wp-json\/wp\/v2\/posts\/2216\/revisions\/2218"}],"wp:featuredmedia":[{"embeddable":true,"href":"https:\/\/times.cd\/index.php\/wp-json\/wp\/v2\/media\/2217"}],"wp:attachment":[{"href":"https:\/\/times.cd\/index.php\/wp-json\/wp\/v2\/media?parent=2216"}],"wp:term":[{"taxonomy":"category","embeddable":true,"href":"https:\/\/times.cd\/index.php\/wp-json\/wp\/v2\/categories?post=2216"},{"taxonomy":"post_tag","embeddable":true,"href":"https:\/\/times.cd\/index.php\/wp-json\/wp\/v2\/tags?post=2216"}],"curies":[{"name":"wp","href":"https:\/\/api.w.org\/{rel}","templated":true}]}}