{"id":2211,"date":"2022-09-20T13:36:17","date_gmt":"2022-09-20T13:36:17","guid":{"rendered":"https:\/\/times.cd\/?p=2211"},"modified":"2022-09-20T13:36:18","modified_gmt":"2022-09-20T13:36:18","slug":"125-eme-anniversaire-de-larchidiocese-de-kisangani-la-reconnaissance-de-madame-victorine-scholastique-mahindo-sur-la-qualite-de-leducation-recue-de-leglise-catholique","status":"publish","type":"post","link":"https:\/\/times.cd\/index.php\/2022\/09\/20\/125-eme-anniversaire-de-larchidiocese-de-kisangani-la-reconnaissance-de-madame-victorine-scholastique-mahindo-sur-la-qualite-de-leducation-recue-de-leglise-catholique\/","title":{"rendered":"125 \u00e8me anniversaire de l\u2019archidioc\u00e8se de Kisangani: La reconnaissance de madame Victorine Scholastique Mahindo sur la qualit\u00e9 de l\u2019\u00e9ducation re\u00e7ue de l\u2019\u00e9glise catholique !"},"content":{"rendered":"\n<p>Cr\u00e9e en le 18 septembre \u00e0 1897 l\u2019archidioc\u00e8se de Kisangani totalise 125 ans d\u2019existence \u00e0 l\u2019\u0153uvre d\u2019\u00e9vang\u00e9lisation. Sur ce, une grande messe d\u2019action de gr\u00e2ce a \u00e9t\u00e9 organis\u00e9 ce dimanche 18 septembre 2022 \u00e0 la cath\u00e9drale Notre-Dame de Fatima de Kinshasa.<\/p>\n\n\n\n<figure class=\"wp-block-gallery has-nested-images columns-default is-cropped wp-block-gallery-1 is-layout-flex wp-block-gallery-is-layout-flex\"><\/figure>\n\n\n\n<p>A cette occasion, la D\u00e9put\u00e9e nationale Victorine Scholastique Mahindo, a eu \u00e0 reconna\u00eetre l\u2019importance et bonne \u00e9ducation re\u00e7u de l\u2019\u00e9glise catholique.<\/p>\n\n\n\n<p>\u201dC\u2019est une journ\u00e9e de joie et \u00e7a me rappelle beaucoup de choses. l\u2019\u00e9glise catholique a fait bon travail. J\u2019ai \u00e9tudi\u00e9 aux lyc\u00e9es Mapendano et Anuarite et aujourd\u2019hui nous sommes attach\u00e9s \u00e0 notre archidioc\u00e8se. En l\u2019an deux mille lorsque j\u2019avais suivi sur les antennes de la RFI que la cath\u00e9drale est en train de br\u00fbler y compris la procure, ce jour l\u00e0, j\u2019avais p\u00fb parler, marcher perdu l\u2019espoir toute la journ\u00e9e. J\u2019avais de larme aux yeux par ce que je voyais comment est ce que ce bijou est en train de partir. En c\u00e9l\u00e9brant son 125 anniversaire, je remercie l\u2019\u00e9glise catholique et Dieu qui a permis qu\u2019on ait des animateurs tels que Mgr Fataki, Mosengwo et aujourd\u2019hui on a Mgr Marcel Utembi. C\u2019est un dioc\u00e8se dynamique.<\/p>\n\n\n\n<figure class=\"wp-block-gallery has-nested-images columns-default is-cropped wp-block-gallery-2 is-layout-flex wp-block-gallery-is-layout-flex\">\n<figure class=\"wp-block-image size-large\"><img loading=\"lazy\" decoding=\"async\" width=\"1024\" height=\"576\" data-id=\"2213\" src=\"http:\/\/times.cd\/wp-content\/uploads\/2022\/09\/IMG-20220920-WA0061.jpg\" alt=\"\" class=\"wp-image-2213\" srcset=\"https:\/\/times.cd\/wp-content\/uploads\/2022\/09\/IMG-20220920-WA0061.jpg 1024w, https:\/\/times.cd\/wp-content\/uploads\/2022\/09\/IMG-20220920-WA0061-300x169.jpg 300w, https:\/\/times.cd\/wp-content\/uploads\/2022\/09\/IMG-20220920-WA0061-768x432.jpg 768w\" sizes=\"(max-width: 1024px) 100vw, 1024px\" \/><\/figure>\n<\/figure>\n\n\n\n<p>S\u2019agissant de l\u2019appel de fonds d\u00e9nomm\u00e9: \u201cKisangani lib\u00e8re ta g\u00e9n\u00e9rosit\u00e9 et devient \u00e9glise famille\u201d lanc\u00e9 par Mgr Marcel Utembi archev\u00eaque de Kisangani et pr\u00e9sident de la Conf\u00e9rence \u00c9piscopale Nationale du Congo ( CENCO) pour la construction des centres des formations spirituelles et pastorales, la philanthrope Scholastique Mahindo dit \u00eatre solidaire avec cette initiative car, explique-t-elle, cet archidioc\u00e8se doit \u00eatre modernis\u00e9 125 ans apr\u00e8s.<\/p>\n\n\n\n<p>\u00ab C\u2019est normal que cet appel soit lanc\u00e9. Je pense que nous les anciens avions une part de responsabilit\u00e9 et un r\u00f4le majeur \u00e0 jouer par ce que l\u2019archidioc\u00e8se de Kisangani nous a rendu tant de services dans la vie. Ce que nous avons eu c\u2019\u00e9tait aussi les efforts des autres. Nous devrions faire \u00e0 ce que l\u2019archidioc\u00e8se existe mais aussi \u00e0 \u00eatre responsable pour continuer \u00e0 soutenir ceux qui viendront afin que l\u2019\u00e9ducation demeure toujours performante, la sant\u00e9,\u2026bref, tout ce que fait l\u2019\u00e9glise catholique. Je profite de cette occasion pour interpeller ceux que l\u2019archidioc\u00e8se de Kisangani a fa\u00e7onn\u00e9s de mettre la main dans la p\u00e2te pour que les g\u00e9n\u00e9rations futures puissent h\u00e9riter de \u00e7a.\u00bb a-t-elle ajout\u00e9.<\/p>\n\n\n\n<p>Rappelons par ailleurs que, cette c\u00e9l\u00e9bration eucharistique a connu la participation de plusieurs notables de l\u2019ex grande province orientale vivant \u00e0 Kinshasa,ailleurs et quelques \u00e9tudiants \u00e9galement.<\/p>\n\n\n\n<p>Michel Onengombe<\/p>\n\n\n\n<p><\/p>\n\n\n\n<p><\/p>\n\n\n\n<p><\/p>\n\n\n\n<p><\/p>\n\n\n\n<p><\/p>\n\n\n\n<p><\/p>\n\n\n\n<p><\/p>\n","protected":false},"excerpt":{"rendered":"<p>Cr\u00e9e en le 18 septembre \u00e0 1897 l\u2019archidioc\u00e8se de Kisangani totalise 125 ans d\u2019existence \u00e0 l\u2019\u0153uvre d\u2019\u00e9vang\u00e9lisation. Sur ce, une grande messe d\u2019action de gr\u00e2ce a \u00e9t\u00e9 organis\u00e9 ce dimanche 18 septembre 2022 \u00e0 la cath\u00e9drale Notre-Dame de Fatima de Kinshasa. A cette occasion, la D\u00e9put\u00e9e nationale Victorine Scholastique Mahindo, a eu \u00e0 reconna\u00eetre l\u2019importance [&hellip;]<\/p>\n","protected":false},"author":1,"featured_media":2212,"comment_status":"open","ping_status":"open","sticky":false,"template":"","format":"standard","meta":{"footnotes":""},"categories":[25],"tags":[],"_links":{"self":[{"href":"https:\/\/times.cd\/index.php\/wp-json\/wp\/v2\/posts\/2211"}],"collection":[{"href":"https:\/\/times.cd\/index.php\/wp-json\/wp\/v2\/posts"}],"about":[{"href":"https:\/\/times.cd\/index.php\/wp-json\/wp\/v2\/types\/post"}],"author":[{"embeddable":true,"href":"https:\/\/times.cd\/index.php\/wp-json\/wp\/v2\/users\/1"}],"replies":[{"embeddable":true,"href":"https:\/\/times.cd\/index.php\/wp-json\/wp\/v2\/comments?post=2211"}],"version-history":[{"count":1,"href":"https:\/\/times.cd\/index.php\/wp-json\/wp\/v2\/posts\/2211\/revisions"}],"predecessor-version":[{"id":2214,"href":"https:\/\/times.cd\/index.php\/wp-json\/wp\/v2\/posts\/2211\/revisions\/2214"}],"wp:featuredmedia":[{"embeddable":true,"href":"https:\/\/times.cd\/index.php\/wp-json\/wp\/v2\/media\/2212"}],"wp:attachment":[{"href":"https:\/\/times.cd\/index.php\/wp-json\/wp\/v2\/media?parent=2211"}],"wp:term":[{"taxonomy":"category","embeddable":true,"href":"https:\/\/times.cd\/index.php\/wp-json\/wp\/v2\/categories?post=2211"},{"taxonomy":"post_tag","embeddable":true,"href":"https:\/\/times.cd\/index.php\/wp-json\/wp\/v2\/tags?post=2211"}],"curies":[{"name":"wp","href":"https:\/\/api.w.org\/{rel}","templated":true}]}}