{"id":2204,"date":"2022-09-19T11:21:31","date_gmt":"2022-09-19T11:21:31","guid":{"rendered":"https:\/\/times.cd\/?p=2204"},"modified":"2022-09-19T11:21:32","modified_gmt":"2022-09-19T11:21:32","slug":"congres-de-la-structuration-et-de-la-redynamisation-du-parti-mcr-ms-le-depute-national-jean-claude-kibala-elu-president-national-du-mouvement-social","status":"publish","type":"post","link":"https:\/\/times.cd\/index.php\/2022\/09\/19\/congres-de-la-structuration-et-de-la-redynamisation-du-parti-mcr-ms-le-depute-national-jean-claude-kibala-elu-president-national-du-mouvement-social\/","title":{"rendered":"Congr\u00e8s de la structuration et de la Redynamisation du parti\/MCR-MS : le D\u00e9put\u00e9 National Jean-Claude Kibala \u00e9lu pr\u00e9sident National du mouvement social"},"content":{"rendered":"\n<p><\/p>\n\n\n\n<p>Ce pendant, le congr\u00e8s du mouvement social organis\u00e9 du 15 au 16 juillet 2022, au centre Catholique Nganda dans la commune de Kintambo, dont l\u2019objet \u00e9tait sur \u00ab&nbsp;la Redynamisation et la restructuration du parti politique mouvement social&nbsp;\u00bb,qu\u2019a eu l\u2019\u00e9lection du nouveau pr\u00e9sident,l\u2019honorable Jean-Claude Kibala.<\/p>\n\n\n\n<p>Au cours de ce congr\u00e8s, plusieurs R\u00e9solutions ont \u00e9t\u00e9 prises notamment, l\u2019\u00e9lection de l\u2019Honorable Jean-Claude Kibala \u00e0 la t\u00eate du parti, le changement d\u2019appellation du parti ainsi que la r\u00e9\u00e9dition des textes et r\u00e8glements du MS. Une c\u00e9r\u00e9monie qui s\u2019est d\u00e9roul\u00e9e en pr\u00e9sence des membres venus des provinces ainsi que de la ville de Kinshasa.<\/p>\n\n\n\n<p>Prenant parole apr\u00e8s son \u00e9l\u00e9vation \u00e0 la t\u00eate du parti, l\u2019honorable Jean-Claude Kibala, le d\u00e9sormais nouveau pr\u00e9sident du MS a indiqu\u00e9 la fiert\u00e9 avec laquelle il voit se r\u00e9aliser les r\u00eaves de Feu Pierre Lumbi, celui de garder tout haut la flamme. \u00ab Si je n\u2019avais pas de convictions que nous pouvons \u00eatre \u00e0 la hauteur de ce souhait et r\u00eave de Pierre Lumbi qui \u00e9tait celui de voir un de cadre du parti faire mieux, j\u2019allais vous dire de chercher quelqu\u2019un d\u2019autre\u00bb, a-t-il d\u00e9clar\u00e9.<\/p>\n\n\n\n<p>Pour le D\u00e9put\u00e9 National Jean Claude Kibala, \u2018\u2018c\u2019est avec l\u2019appui de l\u2019\u00e9quipe que nous serions \u00e0 la hauteur du R\u00eave de pierre Lumbi\u2019\u2019. Avant de se retirer et laisser le b\u00e2ton de commandement au nouveau pr\u00e9sident national, le pr\u00e9sident du congr\u00e8s, Norbert Ezadri Eguma, a remis les nouveaux statuts, le nouveau r\u00e8glement int\u00e9rieur, les listes de participants ainsi que le drapelet adopt\u00e9 par les congressistes au pr\u00e9sident Honoraire du parti, M. Alexandre Mwarabu qui, \u00e0 son tour, les a remis au pr\u00e9sident nouvellement \u00e9lu, l\u2019Honorable Jean-Claude Kibala.<\/p>\n\n\n\n<p>Avec le nouveau drapeau et nouvelle appellation<\/p>\n\n\n\n<p>Le congr\u00e8s a ouvert sous la pr\u00e9sidence de M. Mwarabu Alexandre, qui a prononc\u00e9 le discours d\u2019ouverture avec le souhait qu\u2019\u00e0 son issue, les congressistes dotent le parti des textes adapt\u00e9s \u00e0 son fonctionnement et qu\u2019ils soient en mesure de porter la hauteur de ses ambitions ainsi que des animateurs capables de relever les d\u00e9fis de l\u2019heure et \u00e0 venir. Par la m\u00eame occasion, M. Mwarabu a estim\u00e9 qu\u2019il \u00e9tait temps pour lui de se mettre en retraite pour laisser la place au sang neuf. \u00abPour ma part, j\u2019ai mis toute mon \u00e9nergie \u00e0 g\u00e9rer le Mouvement congolais pour la renaissance dans les conditions que vous connaissez. Je suis fier de l\u2019avoir amen\u00e9 jusqu\u2019\u00e0 ce congr\u00e8s. J\u2019estime que le temps est venu de mettre du sang nouveau comme je l\u2019ai exprim\u00e9 plus haut, tout en restant disponible pour accompagner sagement la nouvelle \u00e9quipe\u00bb, a-t-il dit.<\/p>\n\n\n\n<p>Au sortir des assises de la premi\u00e8re journ\u00e9e, les congressistes ont convenu sur le changement de d\u00e9nomination du parti qui passe de Mouvement Congolais pour la renaissance, MCR en abr\u00e9g\u00e9, \u00e0 Mouvement Social, MS en abr\u00e9g\u00e9. Il a \u00e9t\u00e9 de m\u00eame de gr\u00e9 aux congressistes d\u2019adopter des nouveaux statuts et r\u00e8glement ordre int\u00e9rieur du parti, ainsi que la pr\u00e9sentation par projection du nouveau logo du parti adopt\u00e9 par le congr\u00e8s.<\/p>\n\n\n\n<p>Nouveaux dirigeants, nouveau vent<\/p>\n\n\n\n<p>Dans le cadre de la redynamisation du Mouvement congolais pour la renaissance (MCR), qui s\u2019appelle dor\u00e9navant Mouvement Social (MS), les congressistes ont \u00e9lu de nouveaux dirigeants de cette formation politique. A la t\u00eate on trouve Jean-Claude Kibala, comme pr\u00e9sident national qui, dans son mot de circonstance, a remerci\u00e9 vivement les congressistes pour le choix port\u00e9 en sa personne.<\/p>\n\n\n\n<p>R\u00e9solutions du congr\u00e8s<\/p>\n\n\n\n<p>Les congressistes ont pris les d\u00e9cisions de revalorisation des contraintes statutaires du d\u00e9lai de la convocation du congr\u00e8s, de l\u2019\u00e9lection du pr\u00e9sident National du parti, de la d\u00e9signation des vice-pr\u00e9sidents nationaux du parti, de la n\u00e9cessit\u00e9 de clarification de position des \u00e9lus nationaux et provinciaux ainsi que de ceux d\u00e9sign\u00e9s aux postes ex\u00e9cutifs par rapport au parti, l\u2019adoption des statuts et du r\u00e8glement d\u2019ordre int\u00e9rieur, de la validation des mandats des congressistes, de l\u2019engagement de la nouvelle \u00e9quipe \u00e0 implanter les nouvelles structures du parti \u00e0 tous les niveaux.<\/p>\n\n\n\n<p>Le nouveau pr\u00e9sident a ainsi pr\u00e9sent\u00e9 la nouvelle \u00e9quipe dirigeante du parti constitu\u00e9 des membres ci-apr\u00e8s :<\/p>\n\n\n\n<p>-Honorable Norbert Ezadri Eguma, vice-pr\u00e9sident en charge de doctrine, id\u00e9ologie et formation ;<\/p>\n\n\n\n<p>-Honorable Jean Mokiti, vice-pr\u00e9sident en charge de politique et implantation ;<\/p>\n\n\n\n<p>-Madame Chantal Ngoyi, vice-pr\u00e9sidente en charge de strat\u00e9gie, planification et programmation ;<\/p>\n\n\n\n<p>-Quatre vices pr\u00e9sident attendent d\u2019\u00eatre d\u00e9sign\u00e9s par leur espace g\u00e9ographique respectif ;<\/p>\n\n\n\n<p>-Professeur Antoine Tshimpi, secr\u00e9taire G\u00e9n\u00e9ral ;<\/p>\n\n\n\n<p>-Honorable s\u00e9nateur Alphonse Uketshi, secr\u00e9taire G\u00e9n\u00e9ral adjoint en charge d\u2019organisation et finance ;<\/p>\n\n\n\n<p>-Monsieur Pitchou Bolenge, secr\u00e9taire G\u00e9n\u00e9ral adjoint<\/p>\n\n\n\n<p>-Monsieur Mo\u00efse Mousa Okongo, secr\u00e9taire G\u00e9n\u00e9ral adjoint en charge de la jeunesse ;<\/p>\n\n\n\n<p>-Me Mundala Lunda, secr\u00e9taire permanant du bureau politique ;<\/p>\n\n\n\n<p>-Monsieur Alexandre Mwarabu Okolonga, pr\u00e9sident<\/p>\n\n\n\n<p>Michel Onengombe<\/p>\n","protected":false},"excerpt":{"rendered":"<p>Ce pendant, le congr\u00e8s du mouvement social organis\u00e9 du 15 au 16 juillet 2022, au centre Catholique Nganda dans la commune de Kintambo, dont l\u2019objet \u00e9tait sur \u00ab&nbsp;la Redynamisation et la restructuration du parti politique mouvement social&nbsp;\u00bb,qu\u2019a eu l\u2019\u00e9lection du nouveau pr\u00e9sident,l\u2019honorable Jean-Claude Kibala. Au cours de ce congr\u00e8s, plusieurs R\u00e9solutions ont \u00e9t\u00e9 prises notamment, [&hellip;]<\/p>\n","protected":false},"author":1,"featured_media":2205,"comment_status":"open","ping_status":"open","sticky":false,"template":"","format":"standard","meta":{"footnotes":""},"categories":[25],"tags":[],"_links":{"self":[{"href":"https:\/\/times.cd\/index.php\/wp-json\/wp\/v2\/posts\/2204"}],"collection":[{"href":"https:\/\/times.cd\/index.php\/wp-json\/wp\/v2\/posts"}],"about":[{"href":"https:\/\/times.cd\/index.php\/wp-json\/wp\/v2\/types\/post"}],"author":[{"embeddable":true,"href":"https:\/\/times.cd\/index.php\/wp-json\/wp\/v2\/users\/1"}],"replies":[{"embeddable":true,"href":"https:\/\/times.cd\/index.php\/wp-json\/wp\/v2\/comments?post=2204"}],"version-history":[{"count":1,"href":"https:\/\/times.cd\/index.php\/wp-json\/wp\/v2\/posts\/2204\/revisions"}],"predecessor-version":[{"id":2206,"href":"https:\/\/times.cd\/index.php\/wp-json\/wp\/v2\/posts\/2204\/revisions\/2206"}],"wp:featuredmedia":[{"embeddable":true,"href":"https:\/\/times.cd\/index.php\/wp-json\/wp\/v2\/media\/2205"}],"wp:attachment":[{"href":"https:\/\/times.cd\/index.php\/wp-json\/wp\/v2\/media?parent=2204"}],"wp:term":[{"taxonomy":"category","embeddable":true,"href":"https:\/\/times.cd\/index.php\/wp-json\/wp\/v2\/categories?post=2204"},{"taxonomy":"post_tag","embeddable":true,"href":"https:\/\/times.cd\/index.php\/wp-json\/wp\/v2\/tags?post=2204"}],"curies":[{"name":"wp","href":"https:\/\/api.w.org\/{rel}","templated":true}]}}