{"id":2200,"date":"2022-09-19T11:05:57","date_gmt":"2022-09-19T11:05:57","guid":{"rendered":"https:\/\/times.cd\/?p=2200"},"modified":"2022-09-19T11:05:58","modified_gmt":"2022-09-19T11:05:58","slug":"tshisekedi-est-arrive-a-new-york-pour-la-77-eme-assemblee-generale-des-nations-unies","status":"publish","type":"post","link":"https:\/\/times.cd\/index.php\/2022\/09\/19\/tshisekedi-est-arrive-a-new-york-pour-la-77-eme-assemblee-generale-des-nations-unies\/","title":{"rendered":"Tshisekedi est arriv\u00e9 \u00e0 New-york pour la 77 \u00e8me Assembl\u00e9e G\u00e9n\u00e9rale des Nations-Unies"},"content":{"rendered":"\n<p><\/p>\n\n\n\n<p><\/p>\n\n\n\n<p>Accompagn\u00e9 de la Distingu\u00e9e Premi\u00e8re Dame Denise Nyakeru, le Pr\u00e9sident de la R\u00e9publique F\u00e9lix Antoine Tshisekedi Tshilombo est arriv\u00e9 aux premi\u00e8res heures de la journ\u00e9e de ce lundi 19 septembre \u00e0 New-york.<\/p>\n\n\n\n<p>Le Chef de l&rsquo;Etat vient participer \u00e0 la 77\u00e8me session de l&rsquo;Assembl\u00e9e G\u00e9n\u00e9rale des Nations-Unies dont la journ\u00e9e inaugurale est pr\u00e9vue ce mardi 20 septembre.<\/p>\n\n\n\n<p>En sa triple qualit\u00e9 de pr\u00e9sident de la RDC et pr\u00e9sident en exercice de la CEEAC et de la SADC, le Pr\u00e9sident F\u00e9lix Tshisekedi devrait prendre la parole du haut de la tribune des Nations-Unies \u00e0 l&rsquo;occasion de cette assembl\u00e9e g\u00e9n\u00e9rale exclusivement en presentielle.<\/p>\n\n\n\n<p>Son allocution intervient dans un contexte national particulier marqu\u00e9 par l&rsquo;agression av\u00e9r\u00e9e du Rwanda ,<br>les processus de paix de Nairobi et Luanda ainsi que les tumultes sur la pr\u00e9sence de la mission onusienne au Congo, la Monusco.<\/p>\n\n\n\n<figure class=\"wp-block-gallery has-nested-images columns-default is-cropped wp-block-gallery-1 is-layout-flex wp-block-gallery-is-layout-flex\">\n<figure class=\"wp-block-image size-large\"><img loading=\"lazy\" decoding=\"async\" width=\"1024\" height=\"683\" data-id=\"2202\" src=\"http:\/\/times.cd\/wp-content\/uploads\/2022\/09\/IMG-20220919-WA0056.jpg\" alt=\"\" class=\"wp-image-2202\" srcset=\"https:\/\/times.cd\/wp-content\/uploads\/2022\/09\/IMG-20220919-WA0056.jpg 1024w, https:\/\/times.cd\/wp-content\/uploads\/2022\/09\/IMG-20220919-WA0056-300x200.jpg 300w, https:\/\/times.cd\/wp-content\/uploads\/2022\/09\/IMG-20220919-WA0056-768x512.jpg 768w, https:\/\/times.cd\/wp-content\/uploads\/2022\/09\/IMG-20220919-WA0056-345x230.jpg 345w, https:\/\/times.cd\/wp-content\/uploads\/2022\/09\/IMG-20220919-WA0056-770x513.jpg 770w, https:\/\/times.cd\/wp-content\/uploads\/2022\/09\/IMG-20220919-WA0056-370x247.jpg 370w, https:\/\/times.cd\/wp-content\/uploads\/2022\/09\/IMG-20220919-WA0056-440x294.jpg 440w, https:\/\/times.cd\/wp-content\/uploads\/2022\/09\/IMG-20220919-WA0056-570x380.jpg 570w, https:\/\/times.cd\/wp-content\/uploads\/2022\/09\/IMG-20220919-WA0056-170x113.jpg 170w\" sizes=\"(max-width: 1024px) 100vw, 1024px\" \/><\/figure>\n<\/figure>\n\n\n\n<p>Pour toutes ces probl\u00e9matiques, le Pr\u00e9sident de la R\u00e9publique F\u00e9lix Tshisekedi attend de mobiliser la communaut\u00e9 internationale et obtenir d&rsquo;elle un soutien multiforme et une r\u00e9ponse claire .<\/p>\n\n\n\n<p>Comme \u00e0 chaque occasion que les dirigeants du monde se retrouvent, la question climatique revient dans toutes les allocutions et on ne peut \u00e9voquer cette probl\u00e9matique sans faire allusion \u00e0 la RDC pr\u00e9sent\u00e9e comme un pays-solution.<\/p>\n\n\n\n<p>Les dirigeants du monde attendent aussi du Pr\u00e9sident Tshisekedi un mot sur la production des minerais strat\u00e9giques,<br>lui dont le pays est d\u00e9positaire de ces mati\u00e8res pr\u00e9cieuses rares qui rentrent dans la production des voitures \u00e9lectriques.<\/p>\n\n\n\n<p>Le bal des discours sera ouvert ce mardi 20 septembre avec le Pr\u00e9sident du Br\u00e9sil comme le veut la tradition.<\/p>\n","protected":false},"excerpt":{"rendered":"<p>Accompagn\u00e9 de la Distingu\u00e9e Premi\u00e8re Dame Denise Nyakeru, le Pr\u00e9sident de la R\u00e9publique F\u00e9lix Antoine Tshisekedi Tshilombo est arriv\u00e9 aux premi\u00e8res heures de la journ\u00e9e de ce lundi 19 septembre \u00e0 New-york. Le Chef de l&rsquo;Etat vient participer \u00e0 la 77\u00e8me session de l&rsquo;Assembl\u00e9e G\u00e9n\u00e9rale des Nations-Unies dont la journ\u00e9e inaugurale est pr\u00e9vue ce mardi [&hellip;]<\/p>\n","protected":false},"author":1,"featured_media":2201,"comment_status":"open","ping_status":"open","sticky":false,"template":"","format":"standard","meta":{"footnotes":""},"categories":[25],"tags":[],"_links":{"self":[{"href":"https:\/\/times.cd\/index.php\/wp-json\/wp\/v2\/posts\/2200"}],"collection":[{"href":"https:\/\/times.cd\/index.php\/wp-json\/wp\/v2\/posts"}],"about":[{"href":"https:\/\/times.cd\/index.php\/wp-json\/wp\/v2\/types\/post"}],"author":[{"embeddable":true,"href":"https:\/\/times.cd\/index.php\/wp-json\/wp\/v2\/users\/1"}],"replies":[{"embeddable":true,"href":"https:\/\/times.cd\/index.php\/wp-json\/wp\/v2\/comments?post=2200"}],"version-history":[{"count":1,"href":"https:\/\/times.cd\/index.php\/wp-json\/wp\/v2\/posts\/2200\/revisions"}],"predecessor-version":[{"id":2203,"href":"https:\/\/times.cd\/index.php\/wp-json\/wp\/v2\/posts\/2200\/revisions\/2203"}],"wp:featuredmedia":[{"embeddable":true,"href":"https:\/\/times.cd\/index.php\/wp-json\/wp\/v2\/media\/2201"}],"wp:attachment":[{"href":"https:\/\/times.cd\/index.php\/wp-json\/wp\/v2\/media?parent=2200"}],"wp:term":[{"taxonomy":"category","embeddable":true,"href":"https:\/\/times.cd\/index.php\/wp-json\/wp\/v2\/categories?post=2200"},{"taxonomy":"post_tag","embeddable":true,"href":"https:\/\/times.cd\/index.php\/wp-json\/wp\/v2\/tags?post=2200"}],"curies":[{"name":"wp","href":"https:\/\/api.w.org\/{rel}","templated":true}]}}