{"id":2197,"date":"2022-09-19T07:36:30","date_gmt":"2022-09-19T07:36:30","guid":{"rendered":"https:\/\/times.cd\/?p=2197"},"modified":"2022-09-19T07:36:31","modified_gmt":"2022-09-19T07:36:31","slug":"le-president-felix-tshisekedi-a-echange-avec-une-delegation-des-chefs-coutumiers-teke-et-yaka","status":"publish","type":"post","link":"https:\/\/times.cd\/index.php\/2022\/09\/19\/le-president-felix-tshisekedi-a-echange-avec-une-delegation-des-chefs-coutumiers-teke-et-yaka\/","title":{"rendered":"Le Pr\u00e9sident F\u00e9lix Tshisekedi a \u00e9chang\u00e9 avec une d\u00e9l\u00e9gation des chefs coutumiers Teke et Yaka"},"content":{"rendered":"\n<p><\/p>\n\n\n\n<p><\/p>\n\n\n\n<p>Le Pr\u00e9sident de la R\u00e9publique, F\u00e9lix &#8211; Antoine Tshisekedi Tshilombo, a re\u00e7u, ce samedi 17 septembre 2022, dans la soir\u00e9e, dans son cabinet de travail \u00e0 la cit\u00e9 de l &lsquo; Union Africaine une d\u00e9l\u00e9gation des chefs coutumiers Teke et Yaka conduite par la ministre pr\u00e8s le Pr\u00e9sident de la R\u00e9publique Madame Nana Manwanina Kiumba et le Roi Manikongo des Suku.<\/p>\n\n\n\n<p>Au sortir de l&rsquo;audience , ce dernier qui a restitu\u00e9 \u00e0 la presse la teneur de leur rencontre avec le garant du bon fonctionnement des institutions , a indiqu\u00e9 qu&rsquo;il \u00e9tait venu faire rapport au Chef de l&rsquo;\u00c9tat de la mission que ce dernier lui avait confi\u00e9e en date du 02 septembre 2022 , savoir; descendre sur terrain dans le territoire de Kwamouth , province de Maindombe en vue de r\u00e9concilier les peuples Teke et Yaka qui se sont illustr\u00e9s ces derniers temps par des violences inou\u00efes fond\u00e9es sur des conflits de terre ayant m\u00eame occasionn\u00e9 mort d&rsquo;hommes .<\/p>\n\n\n\n<p>D&rsquo;apr\u00e8s le Roi Manikongo, l&rsquo;initiative du Chef de l&rsquo;Etat ; 1er Chef coutumier du pays, est de confier la gestion de ce conflit coutumier aux chefs coutumiers vue leursproximit\u00e9s avec les populations protagonistes.<\/p>\n\n\n\n<p>Car \u00e0 l&rsquo;heure qu&rsquo;il est, les deux communaut\u00e9s se sont rapproch\u00e9es et entendues pour faire la paix et que celle ci selon lui, est devenue d&rsquo;ailleurs effective.<br>Pour preuve; ils sont l\u00e0 c\u00f4te \u00e0 c\u00f4te alors qu&rsquo;il y a peu, ils se vouaient une \u00ab\u00a0haine\u00a0\u00bb visc\u00e9rale.<\/p>\n\n\n\n<p>Pour sa part, la Ministre pr\u00e8s le Pr\u00e9sident de la R\u00e9publique, le Professeur Manwanina, compl\u00e9tant le Roi Manikongo dans la restitution, a approuv\u00e9 le compte rendu de ce dernier.<\/p>\n\n\n\n<p>Pour elle aussi , la r\u00e9conciliation entre les deux communaut\u00e9s est effective \u00e0 l&rsquo;heure qu &lsquo;il est . Les barri\u00e8res ont \u00e9t\u00e9 lev\u00e9es, a t elle indiqu\u00e9, permettant ainsi \u00e0 tous ceux qui avaient fui dans les for\u00eats de regagner leurs villages .<\/p>\n\n\n\n<p>Tout comme le Roi Manikongo , Madame la ministre a confirm\u00e9 que le Chef de l &lsquo; \u00c9tat a donn\u00e9 aux deux communaut\u00e9s des instructions \u00e0 respecter tout en demandant \u00e0 leurs chefs venus \u00e0 Kinshasa dans le cadre de cette croisade de la paix de rester encore en stand by dans la capitale jusqu &lsquo; \u00e0 son retour apr\u00e8ssa participation \u00e0 l&rsquo;assembl\u00e9e g\u00e9n\u00e9rale des nations unies.<\/p>\n\n\n\n<p>Pour le Pr\u00e9sident Tshisekedi, a encore indiqu\u00e9 la Ministre, ce processus de paix entre ces deux communaut\u00e9s doit encore se poursuivre.<\/p>\n","protected":false},"excerpt":{"rendered":"<p>Le Pr\u00e9sident de la R\u00e9publique, F\u00e9lix &#8211; Antoine Tshisekedi Tshilombo, a re\u00e7u, ce samedi 17 septembre 2022, dans la soir\u00e9e, dans son cabinet de travail \u00e0 la cit\u00e9 de l &lsquo; Union Africaine une d\u00e9l\u00e9gation des chefs coutumiers Teke et Yaka conduite par la ministre pr\u00e8s le Pr\u00e9sident de la R\u00e9publique Madame Nana Manwanina Kiumba [&hellip;]<\/p>\n","protected":false},"author":1,"featured_media":2198,"comment_status":"open","ping_status":"open","sticky":false,"template":"","format":"standard","meta":{"footnotes":""},"categories":[25,1],"tags":[],"_links":{"self":[{"href":"https:\/\/times.cd\/index.php\/wp-json\/wp\/v2\/posts\/2197"}],"collection":[{"href":"https:\/\/times.cd\/index.php\/wp-json\/wp\/v2\/posts"}],"about":[{"href":"https:\/\/times.cd\/index.php\/wp-json\/wp\/v2\/types\/post"}],"author":[{"embeddable":true,"href":"https:\/\/times.cd\/index.php\/wp-json\/wp\/v2\/users\/1"}],"replies":[{"embeddable":true,"href":"https:\/\/times.cd\/index.php\/wp-json\/wp\/v2\/comments?post=2197"}],"version-history":[{"count":1,"href":"https:\/\/times.cd\/index.php\/wp-json\/wp\/v2\/posts\/2197\/revisions"}],"predecessor-version":[{"id":2199,"href":"https:\/\/times.cd\/index.php\/wp-json\/wp\/v2\/posts\/2197\/revisions\/2199"}],"wp:featuredmedia":[{"embeddable":true,"href":"https:\/\/times.cd\/index.php\/wp-json\/wp\/v2\/media\/2198"}],"wp:attachment":[{"href":"https:\/\/times.cd\/index.php\/wp-json\/wp\/v2\/media?parent=2197"}],"wp:term":[{"taxonomy":"category","embeddable":true,"href":"https:\/\/times.cd\/index.php\/wp-json\/wp\/v2\/categories?post=2197"},{"taxonomy":"post_tag","embeddable":true,"href":"https:\/\/times.cd\/index.php\/wp-json\/wp\/v2\/tags?post=2197"}],"curies":[{"name":"wp","href":"https:\/\/api.w.org\/{rel}","templated":true}]}}