{"id":2191,"date":"2022-09-18T10:53:38","date_gmt":"2022-09-18T10:53:38","guid":{"rendered":"https:\/\/times.cd\/?p=2191"},"modified":"2022-09-18T11:24:58","modified_gmt":"2022-09-18T11:24:58","slug":"rdc-le-rcdp-le-parti-de-didier-musete-se-prepare-pour-les-elections-de-2023","status":"publish","type":"post","link":"https:\/\/times.cd\/index.php\/2022\/09\/18\/rdc-le-rcdp-le-parti-de-didier-musete-se-prepare-pour-les-elections-de-2023\/","title":{"rendered":"RDC: le RCDP parti de Didier Musete se pr\u00e9pare pour les \u00e9lections de 2023"},"content":{"rendered":"\n<p><\/p>\n\n\n\n<p>Dans le cadre de la redynamisation de ses ses bases, l&rsquo;autorit\u00e9 morale du Rassemblement des chr\u00e9tiens d\u00e9mocrates pour le progr\u00e8s RCDP, a proc\u00e9d\u00e9 ce samedi 17 septembre \u00e0 la remise des brevets sanctionnant la fin de la formation de renforcement des capacit\u00e9s politiques de diff\u00e9rents mobilisateurs et cadres du parti.<\/p>\n\n\n\n<p>A en croire Didier Musete, cette formation de remise \u00e0 niveau s&rsquo;inscrit dans le cadre de renforcement et l&rsquo;implantation du parti dans les 24 communes de Kinshasa et \u00e0 travers les 26 provinces de la RDC. Cela dans le but de mobliser les diff\u00e9rentes bases afin d&rsquo;offrir au pr\u00e9sident de la R\u00e9publique, F\u00e9lix Tshisekedi la majorit\u00e9 confortable aux \u00e9lections de 2023, non seulement \u00e0 l&rsquo;Assembl\u00e9e nationale mais \u00e9galement dans les diff\u00e9rentes Assembl\u00e9e provinciales.<\/p>\n\n\n\n<p>C&rsquo;\u00e9tait dans une ambiance qui sort de l&rsquo;ordinaire, que les diff\u00e9rents laur\u00e9ats ont c\u00e9l\u00e9br\u00e9 avec faste l&rsquo;obtention de leur brevet apr\u00e8s formation. Ces derniers ont promis de sensibiliser sans rel\u00e2che pour faire adh\u00e9rer plus de membres au parti.<\/p>\n\n\n\n<p>Selon le secr\u00e9taire g\u00e9n\u00e9ral de ce parti politique, Richard Mayamba, apr\u00e8s cette remise des brevets s&rsquo;en suivra le lancement d&rsquo;une nouvelle classe de formation pour outiller les cadres et militants du RCDP en strat\u00e9gies politiques.<\/p>\n\n\n\n<p>De son c\u00f4t\u00e9, le secr\u00e9taire national charg\u00e9 de l&rsquo;organisation et implantation du parti, Me. Nick, le formateur id\u00e9ologique de ce parti politique a affirm\u00e9 que plus de 70 cadres et militants ont b\u00e9n\u00e9fici\u00e9 de la formation de renforcement des capacit\u00e9s et il s&rsquo;est r\u00e9joui du travail abattu.<\/p>\n\n\n\n<p>Raphat Katshunga<\/p>\n","protected":false},"excerpt":{"rendered":"<p>Dans le cadre de la redynamisation de ses ses bases, l&rsquo;autorit\u00e9 morale du Rassemblement des chr\u00e9tiens d\u00e9mocrates pour le progr\u00e8s RCDP, a proc\u00e9d\u00e9 ce samedi 17 septembre \u00e0 la remise des brevets sanctionnant la fin de la formation de renforcement des capacit\u00e9s politiques de diff\u00e9rents mobilisateurs et cadres du parti. A en croire Didier Musete, [&hellip;]<\/p>\n","protected":false},"author":1,"featured_media":2192,"comment_status":"open","ping_status":"open","sticky":false,"template":"","format":"standard","meta":{"footnotes":""},"categories":[25],"tags":[],"_links":{"self":[{"href":"https:\/\/times.cd\/index.php\/wp-json\/wp\/v2\/posts\/2191"}],"collection":[{"href":"https:\/\/times.cd\/index.php\/wp-json\/wp\/v2\/posts"}],"about":[{"href":"https:\/\/times.cd\/index.php\/wp-json\/wp\/v2\/types\/post"}],"author":[{"embeddable":true,"href":"https:\/\/times.cd\/index.php\/wp-json\/wp\/v2\/users\/1"}],"replies":[{"embeddable":true,"href":"https:\/\/times.cd\/index.php\/wp-json\/wp\/v2\/comments?post=2191"}],"version-history":[{"count":3,"href":"https:\/\/times.cd\/index.php\/wp-json\/wp\/v2\/posts\/2191\/revisions"}],"predecessor-version":[{"id":2196,"href":"https:\/\/times.cd\/index.php\/wp-json\/wp\/v2\/posts\/2191\/revisions\/2196"}],"wp:featuredmedia":[{"embeddable":true,"href":"https:\/\/times.cd\/index.php\/wp-json\/wp\/v2\/media\/2192"}],"wp:attachment":[{"href":"https:\/\/times.cd\/index.php\/wp-json\/wp\/v2\/media?parent=2191"}],"wp:term":[{"taxonomy":"category","embeddable":true,"href":"https:\/\/times.cd\/index.php\/wp-json\/wp\/v2\/categories?post=2191"},{"taxonomy":"post_tag","embeddable":true,"href":"https:\/\/times.cd\/index.php\/wp-json\/wp\/v2\/tags?post=2191"}],"curies":[{"name":"wp","href":"https:\/\/api.w.org\/{rel}","templated":true}]}}