{"id":2157,"date":"2022-09-11T10:42:09","date_gmt":"2022-09-11T10:42:09","guid":{"rendered":"https:\/\/times.cd\/?p=2157"},"modified":"2022-09-11T10:42:10","modified_gmt":"2022-09-11T10:42:10","slug":"rdc-martin-fayulu-a-procede-au-lancement-officiel-de-manifeste-de-kisangani","status":"publish","type":"post","link":"https:\/\/times.cd\/index.php\/2022\/09\/11\/rdc-martin-fayulu-a-procede-au-lancement-officiel-de-manifeste-de-kisangani\/","title":{"rendered":"RDC: Martin Fayulu a proc\u00e9d\u00e9 au lancement officiel de \u00ab\u00a0Manifeste de Kisangani\u00a0\u00bb"},"content":{"rendered":"\n<p><\/p>\n\n\n\n<p><\/p>\n\n\n\n<p>Il se tenu ce samedi 10 septembre dans la grande salle du coll\u00e8ge Boboto de Kinshasa, le lancement officiel du programme de gouvernement de Martin Fayulu intitul\u00e9 \u00ab\u00a0Manifeste de Kisangani\u00a0\u00bb. Ce manifeste port\u00e9 par le candidat de l\u2019ECID\u00e9 \u00e0 la pr\u00e9sidence de la R\u00e9publique pour les prochaines \u00e9lections, pr\u00e9sente les grandes lignes de son programme de gouvernement. Ce programme comporte 18 d\u00e9fis \u00e0 relever pour la RDC.<\/p>\n\n\n\n<p>Le pr\u00e9sident de l\u2019\u00c9cid\u00e9 Martin Fayulu a pr\u00e9cis\u00e9 au cours de la conf\u00e9rence avec les \u00e9tudiants, que la gouvernance int\u00e8gre sera son plus grand combat pour que tout le monde respectent la loi. Il a aussi rappel\u00e9 l\u2019article 73 de la constitution qui parle du scrutin du pr\u00e9sident de la r\u00e9publique et l\u2019administration de fonction publique, dans son manifeste.<\/p>\n\n\n\n<p>L&rsquo;actuel coordonateur de Lamuka, a martel\u00e9 sur les voles d\u2019o\u00f9 il compte appliquer la tol\u00e9rance z\u00e9ro, la r\u00e9forme de la justice, reforme de sous-secteur de l&rsquo;\u00e9ducation car, sans \u00e9ducation et la justice, le pays n\u2019existe pas, c\u2019est notre priorit\u00e9 phare rendre le citoyen capable.<\/p>\n\n\n\n<p>L&rsquo;ancien candidat \u00e0 la pr\u00e9sidentielle de 2018 compte aussi relanc\u00e9 l&rsquo;agriculture. Pour lui, la RDC contient plus de 80 millions des terres arables, une superficie quatre fois plus grande que l\u2019Ukraine et il a d\u00e9montr\u00e9 \u00e0 travers son manifeste que l\u2019agriculture peut ramener le d\u00e9veloppement et le sociale du peuple congolais.<\/p>\n\n\n\n<p>A cette occasion, Martin Fayulu a salu\u00e9 les efforts abattus par le d\u00e9funt pr\u00e9sident Mobutu pour la coh\u00e9sion nationale.<\/p>\n\n\n\n<p>Mike\/Times.cd<\/p>\n","protected":false},"excerpt":{"rendered":"<p>Il se tenu ce samedi 10 septembre dans la grande salle du coll\u00e8ge Boboto de Kinshasa, le lancement officiel du programme de gouvernement de Martin Fayulu intitul\u00e9 \u00ab\u00a0Manifeste de Kisangani\u00a0\u00bb. Ce manifeste port\u00e9 par le candidat de l\u2019ECID\u00e9 \u00e0 la pr\u00e9sidence de la R\u00e9publique pour les prochaines \u00e9lections, pr\u00e9sente les grandes lignes de son programme [&hellip;]<\/p>\n","protected":false},"author":1,"featured_media":2159,"comment_status":"open","ping_status":"open","sticky":false,"template":"","format":"standard","meta":{"footnotes":""},"categories":[25],"tags":[],"_links":{"self":[{"href":"https:\/\/times.cd\/index.php\/wp-json\/wp\/v2\/posts\/2157"}],"collection":[{"href":"https:\/\/times.cd\/index.php\/wp-json\/wp\/v2\/posts"}],"about":[{"href":"https:\/\/times.cd\/index.php\/wp-json\/wp\/v2\/types\/post"}],"author":[{"embeddable":true,"href":"https:\/\/times.cd\/index.php\/wp-json\/wp\/v2\/users\/1"}],"replies":[{"embeddable":true,"href":"https:\/\/times.cd\/index.php\/wp-json\/wp\/v2\/comments?post=2157"}],"version-history":[{"count":1,"href":"https:\/\/times.cd\/index.php\/wp-json\/wp\/v2\/posts\/2157\/revisions"}],"predecessor-version":[{"id":2160,"href":"https:\/\/times.cd\/index.php\/wp-json\/wp\/v2\/posts\/2157\/revisions\/2160"}],"wp:featuredmedia":[{"embeddable":true,"href":"https:\/\/times.cd\/index.php\/wp-json\/wp\/v2\/media\/2159"}],"wp:attachment":[{"href":"https:\/\/times.cd\/index.php\/wp-json\/wp\/v2\/media?parent=2157"}],"wp:term":[{"taxonomy":"category","embeddable":true,"href":"https:\/\/times.cd\/index.php\/wp-json\/wp\/v2\/categories?post=2157"},{"taxonomy":"post_tag","embeddable":true,"href":"https:\/\/times.cd\/index.php\/wp-json\/wp\/v2\/tags?post=2157"}],"curies":[{"name":"wp","href":"https:\/\/api.w.org\/{rel}","templated":true}]}}