{"id":2153,"date":"2022-09-08T21:02:29","date_gmt":"2022-09-08T21:02:29","guid":{"rendered":"https:\/\/times.cd\/?p=2153"},"modified":"2022-09-08T21:09:02","modified_gmt":"2022-09-08T21:09:02","slug":"rdc-les-generaux-de-victoria-eleison-une-nouvelle-structure-voit-le-jour-pour-perenniser-les-oeuvres-de-king-emeneya","status":"publish","type":"post","link":"https:\/\/times.cd\/index.php\/2022\/09\/08\/rdc-les-generaux-de-victoria-eleison-une-nouvelle-structure-voit-le-jour-pour-perenniser-les-oeuvres-de-king-emeneya\/","title":{"rendered":"RDC: \u00ab\u00a0Les g\u00e9n\u00e9raux de Victoria Eleison\u00a0\u00bb, une nouvelle structure voit le jour pour p\u00e9renniser les oeuvres de King Emeneya"},"content":{"rendered":"\n<p><\/p>\n\n\n\n<p>Dans un point presse tenu le jeudi 08 septembre \u00e0 Kinshasa, les anciens musiciens de Victoria Eleison et administratifs ont mis sur pied une nouvelle structure musicale envie de r\u00e9veiller le g\u00e9nie congolais King Kester Emeneya.<\/p>\n\n\n\n<p>\u00c0 en croire, Armand Buka coordonateur de cette structure, ce cadre est l\u00e0 pour faire revivre de mani\u00e8re grandiose le prodige de la musique congolaise, le professeur, honoris causa de Sorbonne, Jean Mubiala alias King Kester Emeneya, d&rsquo;heureuse m\u00e9moire.<\/p>\n\n\n\n<p>Pour lui, cette structure est lanc\u00e9e depuis Paris par les anciens de Victoria Eleison, vivant non seulement en France, mais aussi avec ceux du pays et d&rsquo; ailleurs, \u00e0 travers au moins trois g\u00e9n\u00e9rations ayant pass\u00e9 afin de rendre un hommage m\u00e9rit\u00e9 \u00e0 leur ma\u00eetre d&rsquo;\u00e9cole, le fabuleux Jean Mubiala Emeneya alias King Kester, l&rsquo;immortel Mutuwazamani !<\/p>\n\n\n\n<p>Ainsi donc, les \u00ab\u00a0G\u00e9n\u00e9raux de Victoria Eleison\u00a0\u00bb, comptent lanc\u00e9s en marge du 09 \u00e8me anniversaire de la mort de l&rsquo;artiste, une s\u00e9rie d&rsquo;activit\u00e9s en 2023, a confirm\u00e9 devant la presse, le panel des organisateurs.<\/p>\n\n\n\n<p>Pour rappel, Ex-chanteur de Viva La Musica de Papa Wemba, qu\u2019il a rejoint en 1977, avant de le quitter pour cr\u00e9er son orchestre en 1982, King Kester Emeneya est connu pour avoir introduit le synth\u00e9tiseur et la programmation musicale assist\u00e9e par ordinateur dans la musique congolaise.<\/p>\n\n\n\n<p>En 1987, il conna\u00eet un succ\u00e8s gr\u00e2ce \u00e0 son disque Nzinzi. En 1997, apr\u00e8s plusieurs ann\u00e9es d\u2019exil en Europe, \u00ab Le King \u00bb revient \u00e0 Kinshasa. En novembre de la m\u00eame ann\u00e9e, il donne un grand concert au stade des martyrs dans la capitale congolaise.<\/p>\n\n\n\n<p>En 2001, son groupe donne son premier concert au Z\u00e9nith de Paris.<\/p>\n\n\n\n<p>En 35 ans de sc\u00e8ne, le musicien a compos\u00e9 plus de 1000 chansons, dont \u00ab Dikando \u00bb, \u00ab Kimpiatu \u00bb, \u00ab Willo Mondo \u00bb, \u00ab Wabelo \u00bb, \u00ab Mokusa \u00bb.<\/p>\n\n\n\n<p>Barca<\/p>\n","protected":false},"excerpt":{"rendered":"<p>Dans un point presse tenu le jeudi 08 septembre \u00e0 Kinshasa, les anciens musiciens de Victoria Eleison et administratifs ont mis sur pied une nouvelle structure musicale envie de r\u00e9veiller le g\u00e9nie congolais King Kester Emeneya. \u00c0 en croire, Armand Buka coordonateur de cette structure, ce cadre est l\u00e0 pour faire revivre de mani\u00e8re grandiose [&hellip;]<\/p>\n","protected":false},"author":1,"featured_media":2154,"comment_status":"open","ping_status":"open","sticky":false,"template":"","format":"standard","meta":{"footnotes":""},"categories":[23],"tags":[],"_links":{"self":[{"href":"https:\/\/times.cd\/index.php\/wp-json\/wp\/v2\/posts\/2153"}],"collection":[{"href":"https:\/\/times.cd\/index.php\/wp-json\/wp\/v2\/posts"}],"about":[{"href":"https:\/\/times.cd\/index.php\/wp-json\/wp\/v2\/types\/post"}],"author":[{"embeddable":true,"href":"https:\/\/times.cd\/index.php\/wp-json\/wp\/v2\/users\/1"}],"replies":[{"embeddable":true,"href":"https:\/\/times.cd\/index.php\/wp-json\/wp\/v2\/comments?post=2153"}],"version-history":[{"count":2,"href":"https:\/\/times.cd\/index.php\/wp-json\/wp\/v2\/posts\/2153\/revisions"}],"predecessor-version":[{"id":2156,"href":"https:\/\/times.cd\/index.php\/wp-json\/wp\/v2\/posts\/2153\/revisions\/2156"}],"wp:featuredmedia":[{"embeddable":true,"href":"https:\/\/times.cd\/index.php\/wp-json\/wp\/v2\/media\/2154"}],"wp:attachment":[{"href":"https:\/\/times.cd\/index.php\/wp-json\/wp\/v2\/media?parent=2153"}],"wp:term":[{"taxonomy":"category","embeddable":true,"href":"https:\/\/times.cd\/index.php\/wp-json\/wp\/v2\/categories?post=2153"},{"taxonomy":"post_tag","embeddable":true,"href":"https:\/\/times.cd\/index.php\/wp-json\/wp\/v2\/tags?post=2153"}],"curies":[{"name":"wp","href":"https:\/\/api.w.org\/{rel}","templated":true}]}}