{"id":2149,"date":"2022-09-07T20:20:48","date_gmt":"2022-09-07T20:20:48","guid":{"rendered":"https:\/\/times.cd\/?p=2149"},"modified":"2022-09-07T20:20:49","modified_gmt":"2022-09-07T20:20:49","slug":"elections-2023-congo-mon-pays-une-plate-forme-de-la-societe-civile-appelle-la-ceni-a-la-tracabilite-et-la-transparence","status":"publish","type":"post","link":"https:\/\/times.cd\/index.php\/2022\/09\/07\/elections-2023-congo-mon-pays-une-plate-forme-de-la-societe-civile-appelle-la-ceni-a-la-tracabilite-et-la-transparence\/","title":{"rendered":"\u00c9lections 2023: \u00ab\u00a0Congo mon pays\u00a0\u00bb, une plate-forme de la soci\u00e9t\u00e9 civile appelle la CENI \u00e0 la tra\u00e7abilit\u00e9 et la transparence"},"content":{"rendered":"\n<p><\/p>\n\n\n\n<p><\/p>\n\n\n\n<p>Dans un point de presse tenue, le lundi 05 septembre dernier, la plateforme de soci\u00e9t\u00e9 civile \u00ab\u00a0Congo mon pays\u00a0\u00bb a, d\u00e9cri\u00e9e le retard li\u00e9 au processus \u00e9lectoral de 2023.<\/p>\n\n\n\n<p>A cette occasion, Baby Lumingu Mulengwa, Coordonateur de ce cadre de la soci\u00e9t\u00e9 civile, appelle le pr\u00e9sident de la Ceni \u00e0 fix\u00e9 l&rsquo;opinion sur les manoeuvres li\u00e9es \u00e0 la feuille de route du processus \u00e9lectoral de 2023 en RDC.<\/p>\n\n\n\n<p>Baby Lumingu demande \u00e0 la Ceni \u00e0 travers son pr\u00e9sident Denis Kadima, de prouver \u00e0 l&rsquo;opinion, la tra\u00e7abilit\u00e9 de ses manoeuvres, sur les diff\u00e9rentes \u00e9tapes li\u00e9es \u00e0 organisation des \u00e9ch\u00e9ances \u00e9lectorale de 2023, notamment la passation des Offres publiques, la formations des personnes de premi\u00e8res mains et seconde mains, etc.<\/p>\n\n\n\n<p>Pour lui, la Centrale \u00e9lectorale ne doit s&rsquo;immixcer \u00e0 la mission r\u00e9publicaine de l&rsquo; Onip, une structure technique du Minist\u00e8re de l&rsquo;Int\u00e9rieur, qui a pour mission r\u00e9publicaine d&rsquo; identifier les congolais dans son ensemble, alors que la Ceni ne fait qu&rsquo;enr\u00f4ler les congolais pr\u00e8s \u00e0 voter.<\/p>\n\n\n\n<p>Sinon, cette plateforme, rappelle \u00e0 Denis Kadima, sur les dommages collat\u00e9raux li\u00e9s \u00e0 chaque \u00e9lection au Congo\/Kinshasa: la guerre de Gombe entre Bemba et Kabila ; l\u00a0\u00bbimp\u00e9rium\u00a0\u00bb introuvable de \u00c9tienne Tshisekedi en 2011, la pr\u00e9sente \u00ab\u00a0V\u00e9rit\u00e9 des Urnes Martin Fayulu du 31 d\u00e9cembre 2018 qui perd peu \u00e0 peu sa cour pour le prochain paradigme, donc, il est temps pour la Ceni, de nous de dire tout haut ce qu&rsquo; elle pense tout bas sur le processus \u00e9lectoral de 2023, en croire le coordonateur de COngo mon pays,\u00a0\u00bb dans leur r\u00e9cente d\u00e9claration face \u00e0 la presse.<\/p>\n\n\n\n<p>Barca<\/p>\n","protected":false},"excerpt":{"rendered":"<p>Dans un point de presse tenue, le lundi 05 septembre dernier, la plateforme de soci\u00e9t\u00e9 civile \u00ab\u00a0Congo mon pays\u00a0\u00bb a, d\u00e9cri\u00e9e le retard li\u00e9 au processus \u00e9lectoral de 2023. A cette occasion, Baby Lumingu Mulengwa, Coordonateur de ce cadre de la soci\u00e9t\u00e9 civile, appelle le pr\u00e9sident de la Ceni \u00e0 fix\u00e9 l&rsquo;opinion sur les manoeuvres [&hellip;]<\/p>\n","protected":false},"author":1,"featured_media":2150,"comment_status":"open","ping_status":"open","sticky":false,"template":"","format":"standard","meta":{"footnotes":""},"categories":[25],"tags":[],"_links":{"self":[{"href":"https:\/\/times.cd\/index.php\/wp-json\/wp\/v2\/posts\/2149"}],"collection":[{"href":"https:\/\/times.cd\/index.php\/wp-json\/wp\/v2\/posts"}],"about":[{"href":"https:\/\/times.cd\/index.php\/wp-json\/wp\/v2\/types\/post"}],"author":[{"embeddable":true,"href":"https:\/\/times.cd\/index.php\/wp-json\/wp\/v2\/users\/1"}],"replies":[{"embeddable":true,"href":"https:\/\/times.cd\/index.php\/wp-json\/wp\/v2\/comments?post=2149"}],"version-history":[{"count":1,"href":"https:\/\/times.cd\/index.php\/wp-json\/wp\/v2\/posts\/2149\/revisions"}],"predecessor-version":[{"id":2151,"href":"https:\/\/times.cd\/index.php\/wp-json\/wp\/v2\/posts\/2149\/revisions\/2151"}],"wp:featuredmedia":[{"embeddable":true,"href":"https:\/\/times.cd\/index.php\/wp-json\/wp\/v2\/media\/2150"}],"wp:attachment":[{"href":"https:\/\/times.cd\/index.php\/wp-json\/wp\/v2\/media?parent=2149"}],"wp:term":[{"taxonomy":"category","embeddable":true,"href":"https:\/\/times.cd\/index.php\/wp-json\/wp\/v2\/categories?post=2149"},{"taxonomy":"post_tag","embeddable":true,"href":"https:\/\/times.cd\/index.php\/wp-json\/wp\/v2\/tags?post=2149"}],"curies":[{"name":"wp","href":"https:\/\/api.w.org\/{rel}","templated":true}]}}