{"id":2098,"date":"2022-09-02T12:27:04","date_gmt":"2022-09-02T12:27:04","guid":{"rendered":"https:\/\/times.cd\/?p=2098"},"modified":"2022-09-03T10:47:36","modified_gmt":"2022-09-03T10:47:36","slug":"rdc-2eme-anniversaire-du-magazine-bamfumu-balobi-christian-yuya-appelle-les-teke-umbu-a-lunite-car-une-vision-ne-peut-que-saccomplir-dans-lunite","status":"publish","type":"post","link":"https:\/\/times.cd\/index.php\/2022\/09\/02\/rdc-2eme-anniversaire-du-magazine-bamfumu-balobi-christian-yuya-appelle-les-teke-umbu-a-lunite-car-une-vision-ne-peut-que-saccomplir-dans-lunite\/","title":{"rendered":"RDC: 2\u00e8me anniversaire du Magazine \u00ab\u00a0Bamfumu balobi\u00a0\u00bb, Christian Yuya appelle les Teke-Umbu \u00e0 l&rsquo;unit\u00e9 car, \u00ab\u00a0une vision ne peut que s&rsquo;accomplir dans l&rsquo;unit\u00e9\u00a0\u00bb"},"content":{"rendered":"\n<p><\/p>\n\n\n\n<p><\/p>\n\n\n\n<p>Le journaliste et sp\u00e9cialiste des questions coutumi\u00e8res, Christian Yuya a c\u00e9l\u00e9br\u00e9 avec faste les 2 ans d&rsquo;existence du magazine sociaux-culturel \u00ab\u00a0Bafumu Balobi\u00a0\u00bb, dont-il est l&rsquo;initiateur et coordonnateur principal.<\/p>\n\n\n\n<p>Ce 2\u00e8me anniversaire a \u00e9t\u00e9 c\u00e9l\u00e9br\u00e9 le 26 ao\u00fbt dernier dans la somptueuse salle de Bianca Hotel, dans la commune de Kasa-vubu \u00e0 Kinshasa, en pr\u00e9sence de plusieurs chefs coutumier notamment: Libilime Nkodi le cardinal du village Djelo Binza, la cheffe coutumi\u00e8re du village, Bweme du plateau de Bateke\u2026hormis le chef coutumier Willy Mabiala Aigle, qui a brill\u00e9 par son absence suite des pr\u00e9paratifs de la c\u00e9r\u00e9monie officielle de son intronisation qui a lieu le lendemain.<\/p>\n\n\n\n<p>Au cours de cette c\u00e9r\u00e9monie haute en couleur, le patron du magazine \u00ab\u00a0Bafumu balobi\u00a0\u00bb, Christian Yuya c&rsquo;est exprim\u00e9 en ces termes: ce 2 \u00e8me anniversaire est c\u00e9l\u00e8br\u00e9 dans la r\u00e9flexion, la joie et le partage. Nous avons lanc\u00e9 officiellement ce projet en 2020, l&rsquo;objectif principal se situe dans l&rsquo;information, l&rsquo;analyse et permettre au sans voix de s&rsquo;exprimer librement sans ambages. Ce qui fait que les chefs coutumiers de tout bort se bousculent pour passer \u00e0 cette \u00e9mission, affirme Christian Yuya.<\/p>\n\n\n\n<p>Et d&rsquo;ajouter, durant 2 ann\u00e9es de son existence, nous avons connu plusieurs difficult\u00e9s d&rsquo;ordre \u00e9conomique, financier et logistique. Mais, le magazine monte toujours en puissance et actuellement, \u00ab\u00a0Bafumu Balobi\u00a0\u00bb, est devenu le magazine socio-cutlurel le plus suivi gr\u00e2ce \u00e0 son contenu authentique.<\/p>\n\n\n\n<p>\u00c0 lui de rench\u00e9rir, \u00ab\u00a0Au cours de nos \u00e9missions, nous invitons les congolaises et congolais \u00e0 r\u00e9fl\u00e9chir sur les voies et moyens n\u00e9cessaires, non seulement pour revaloriser le pouvoir coutumier, mais surtout de s&rsquo;investir, aux c\u00f4t\u00e9s des des autorit\u00e9s et de gouvernement, pour qu&rsquo;ensemble, l&rsquo;on puisse promouvoir \u00e0 l&rsquo;\u00e9dification d&rsquo;un congo stable et unie, soucieuse du bien-\u00eatre de la population et du d\u00e9veloppement de toutes les contr\u00e9es\u00a0\u00bb, conclu-t-il.<\/p>\n\n\n\n<p>Times.cd\/Francis Luende<\/p>\n","protected":false},"excerpt":{"rendered":"<p>Le journaliste et sp\u00e9cialiste des questions coutumi\u00e8res, Christian Yuya a c\u00e9l\u00e9br\u00e9 avec faste les 2 ans d&rsquo;existence du magazine sociaux-culturel \u00ab\u00a0Bafumu Balobi\u00a0\u00bb, dont-il est l&rsquo;initiateur et coordonnateur principal. Ce 2\u00e8me anniversaire a \u00e9t\u00e9 c\u00e9l\u00e9br\u00e9 le 26 ao\u00fbt dernier dans la somptueuse salle de Bianca Hotel, dans la commune de Kasa-vubu \u00e0 Kinshasa, en pr\u00e9sence de [&hellip;]<\/p>\n","protected":false},"author":1,"featured_media":2099,"comment_status":"open","ping_status":"open","sticky":false,"template":"","format":"standard","meta":{"footnotes":""},"categories":[23],"tags":[],"_links":{"self":[{"href":"https:\/\/times.cd\/index.php\/wp-json\/wp\/v2\/posts\/2098"}],"collection":[{"href":"https:\/\/times.cd\/index.php\/wp-json\/wp\/v2\/posts"}],"about":[{"href":"https:\/\/times.cd\/index.php\/wp-json\/wp\/v2\/types\/post"}],"author":[{"embeddable":true,"href":"https:\/\/times.cd\/index.php\/wp-json\/wp\/v2\/users\/1"}],"replies":[{"embeddable":true,"href":"https:\/\/times.cd\/index.php\/wp-json\/wp\/v2\/comments?post=2098"}],"version-history":[{"count":1,"href":"https:\/\/times.cd\/index.php\/wp-json\/wp\/v2\/posts\/2098\/revisions"}],"predecessor-version":[{"id":2100,"href":"https:\/\/times.cd\/index.php\/wp-json\/wp\/v2\/posts\/2098\/revisions\/2100"}],"wp:featuredmedia":[{"embeddable":true,"href":"https:\/\/times.cd\/index.php\/wp-json\/wp\/v2\/media\/2099"}],"wp:attachment":[{"href":"https:\/\/times.cd\/index.php\/wp-json\/wp\/v2\/media?parent=2098"}],"wp:term":[{"taxonomy":"category","embeddable":true,"href":"https:\/\/times.cd\/index.php\/wp-json\/wp\/v2\/categories?post=2098"},{"taxonomy":"post_tag","embeddable":true,"href":"https:\/\/times.cd\/index.php\/wp-json\/wp\/v2\/tags?post=2098"}],"curies":[{"name":"wp","href":"https:\/\/api.w.org\/{rel}","templated":true}]}}