{"id":2095,"date":"2022-09-02T11:47:46","date_gmt":"2022-09-02T11:47:46","guid":{"rendered":"https:\/\/times.cd\/?p=2095"},"modified":"2022-09-02T11:47:47","modified_gmt":"2022-09-02T11:47:47","slug":"la-6e-edition-du-festival-de-kinshasa-jazz-annoncee-du-02-au-03-a-halle-de-gombe-conference-de-presse","status":"publish","type":"post","link":"https:\/\/times.cd\/index.php\/2022\/09\/02\/la-6e-edition-du-festival-de-kinshasa-jazz-annoncee-du-02-au-03-a-halle-de-gombe-conference-de-presse\/","title":{"rendered":"La 6\u00e8 \u00e9dition du\u00a0\u00bb Festival de Kinshasa Jazz\u00a0\u00bb annonc\u00e9e du 02 au 03 \u00e0 Halle de Gombe\u00a0\u00bb Conf\u00e9rence de presse\u00a0\u00bb"},"content":{"rendered":"\n<p><\/p>\n\n\n\n<p><\/p>\n\n\n\n<p>Avec un th\u00e9matique ir\u00e9nique, l&rsquo;actuelle annuelle s&rsquo;inscrit comme une militante et ambassadrice de la paix qui veut accorder le saxophone et violon s\u00e9miotique du Jazz comme des messagers de la paix \u00e0 travers un monde en proie des bruits des bottes, la violences et des guerres interplan\u00e9taires qui sevisent nos cultures \u00e0 travers son accent discriminatoires et racistes. Cette nouvelle \u00e9dition du \u00ab\u00a0Kinshasa Jazz\u00a0\u00bb nous embo\u00eete le chemin de la r\u00e9conciliation.<\/p>\n\n\n\n<p>Tenue \u00e0 la salle de Cin\u00e9ma de l&rsquo;Institut Fran\u00e7ais de Kinshasa\/ Halle de Gombe ce jeudi 01 septembre, la conf\u00e9rence de la presse autour du lancement de la 6\u00e8 \u00e9dition est un cadre des \u00e9changes entre les sp\u00e9cialistes de medias et les organisateurs de ledit festival sur la th\u00e9matique qui ar\u00f4me la pr\u00e9sente, laquelle est donc celui de l&rsquo;\u00e9ni\u00e8me: Le Jazz comme vecteur du dialogue interculturel et des r\u00e9solutions des conflits\u00a0\u00bb.<\/p>\n\n\n\n<p>Pour ce faire, le journaliste culturel de \u00ab\u00a0Times.cd\u00a0\u00bb prend en mot l&rsquo;organisateur du Festival Paul Ngoie Kabongo alias le Perc, artiste musicien, op\u00e9rateur culturel sur une intervention de la chanteuse gomatriacienne sur la musique comme vecteur de la r\u00e9conciliation entre la RDC et le Rwanda, laquelle dans cadre s&rsquo; inscrit cette \u00e9dition ?<br>R\u00e9pondre \u00e0 la notre :\u00a0\u00bb nous avons eue cette id\u00e9e 4 ans avant tous les troubles \u00e0 la une des actualites, par ailleurs, elle co\u00efncide de m\u00eame \u00e0 cette r\u00e9alit\u00e9 socio- politique.<\/p>\n\n\n\n<p>Rappelons que, cette sixi\u00e8me \u00e9dition ouvre ses portes ce vendredi 02 septembre, avec un kits des jazzmans et vu jazzwomans talentueux du pays et d&rsquo;ailleurs pour unir l&rsquo;utile \u00e0 l&rsquo;agr\u00e9able.<\/p>\n\n\n\n<p>Barca HOrly Fibilulu<\/p>\n","protected":false},"excerpt":{"rendered":"<p>Avec un th\u00e9matique ir\u00e9nique, l&rsquo;actuelle annuelle s&rsquo;inscrit comme une militante et ambassadrice de la paix qui veut accorder le saxophone et violon s\u00e9miotique du Jazz comme des messagers de la paix \u00e0 travers un monde en proie des bruits des bottes, la violences et des guerres interplan\u00e9taires qui sevisent nos cultures \u00e0 travers son accent [&hellip;]<\/p>\n","protected":false},"author":1,"featured_media":2096,"comment_status":"open","ping_status":"open","sticky":false,"template":"","format":"standard","meta":{"footnotes":""},"categories":[23],"tags":[],"_links":{"self":[{"href":"https:\/\/times.cd\/index.php\/wp-json\/wp\/v2\/posts\/2095"}],"collection":[{"href":"https:\/\/times.cd\/index.php\/wp-json\/wp\/v2\/posts"}],"about":[{"href":"https:\/\/times.cd\/index.php\/wp-json\/wp\/v2\/types\/post"}],"author":[{"embeddable":true,"href":"https:\/\/times.cd\/index.php\/wp-json\/wp\/v2\/users\/1"}],"replies":[{"embeddable":true,"href":"https:\/\/times.cd\/index.php\/wp-json\/wp\/v2\/comments?post=2095"}],"version-history":[{"count":1,"href":"https:\/\/times.cd\/index.php\/wp-json\/wp\/v2\/posts\/2095\/revisions"}],"predecessor-version":[{"id":2097,"href":"https:\/\/times.cd\/index.php\/wp-json\/wp\/v2\/posts\/2095\/revisions\/2097"}],"wp:featuredmedia":[{"embeddable":true,"href":"https:\/\/times.cd\/index.php\/wp-json\/wp\/v2\/media\/2096"}],"wp:attachment":[{"href":"https:\/\/times.cd\/index.php\/wp-json\/wp\/v2\/media?parent=2095"}],"wp:term":[{"taxonomy":"category","embeddable":true,"href":"https:\/\/times.cd\/index.php\/wp-json\/wp\/v2\/categories?post=2095"},{"taxonomy":"post_tag","embeddable":true,"href":"https:\/\/times.cd\/index.php\/wp-json\/wp\/v2\/tags?post=2095"}],"curies":[{"name":"wp","href":"https:\/\/api.w.org\/{rel}","templated":true}]}}