{"id":2089,"date":"2022-08-31T17:44:40","date_gmt":"2022-08-31T17:44:40","guid":{"rendered":"https:\/\/times.cd\/?p=2089"},"modified":"2022-08-31T17:44:41","modified_gmt":"2022-08-31T17:44:41","slug":"rdc-a-loccasion-de-sa-sortie-officielle-le-parti-politique-acr-invite-les-kinois-a-venir-nombreux-ce-samedi-a-la-fikin","status":"publish","type":"post","link":"https:\/\/times.cd\/index.php\/2022\/08\/31\/rdc-a-loccasion-de-sa-sortie-officielle-le-parti-politique-acr-invite-les-kinois-a-venir-nombreux-ce-samedi-a-la-fikin\/","title":{"rendered":"RDC: \u00e0 l&rsquo;occasion de sa sortie officielle, le parti politique ACR invite les kinois \u00e0 venir nombreux ce samedi \u00e0 la Fikin"},"content":{"rendered":"\n<p>Dans un point de presse tenu ce lundi 29 ao\u00fbt, Eliezer Ntambwe et Aguy Kalonji ont annonc\u00e9 la sortie officielle de la formation politique \u2018\u2019Action commune pour la R\u00e9publique\u2019\u2019 (ACR), qu\u2019ils comptent lanc\u00e9 le 03 septembre \u00e0 la Foire internationale de Kinshasa.<\/p>\n\n\n\n<p>Il est \u00e0 noter que, les d\u00e9put\u00e9s nationaux Eliezer Ntambwe et Auguy Kalonji respectivement pr\u00e9sident et vice-pr\u00e9sident national, ont annonc\u00e9 que la sortie officielle de leur parti politique aura lieu, ce 03 septembre 2022, \u00e0 la Foire Internationale de Kinshasa.<\/p>\n\n\n\n<p>\u00c0 propos du clivage politique, l&rsquo;ACR indique que \u00ab\u00a0au regard de la situation politique de l&rsquo;heure, il est actuellement difficile de distinguer l&rsquo;appartenance d&rsquo;un parti politique \u00e0 l&rsquo;opposition tout comme \u00e0 la majorit\u00e9\u00a0\u00bb.<\/p>\n\n\n\n<p>Il est connu de tous que les d\u00e9put\u00e9s nationaux Eliezer Ntambwe et Auguy Kalonji ont chacun sa base.<\/p>\n\n\n\n<p>R\u00e9pondant \u00e0 une question d&rsquo;un journaliste qui a \u00e9voqu\u00e9 la question de leadership au sein de l&rsquo;ACR.<\/p>\n\n\n\n<p>Eliezer Ntambwe a soulign\u00e9 que:\u2019&nbsp;\u00ab&nbsp;\u00c0 l&rsquo;ACR, nous voulons faire les choses autrement et nous \u00e9carter de chemin de cacique o\u00f9 seule l&rsquo;autorit\u00e9 morale et son entourage \u00e9mergent&nbsp;\u00bb.<\/p>\n\n\n\n<p>Et d&rsquo;ajouter : \u00ab\u00a0En management c&rsquo;est qui fait un grand leader, c&rsquo;est son entourage.<\/p>\n\n\n\n<p>Dommage, c&rsquo;est que nous avons v\u00e9cu depuis l&rsquo;accession de notre pays \u00e0 son ind\u00e9pendance\u00a0\u00bb.<\/p>\n\n\n\n<p>En bordant dans le m\u00eame sens, le d\u00e9put\u00e9 national Auguy Kalonji a expliqu\u00e9 que<\/p>\n\n\n\n<p>\u00a0\u00bb Nous nous sommes r\u00e9solus de parler toujours de notre parti et non de mon parti.<\/p>\n\n\n\n<p>C&rsquo;est comme \u00e7a que nous avons banni l&rsquo;appellation du terme camarade en lieu et place de capable\u00a0\u00bb.<\/p>\n\n\n\n<p>\u00ab Il est temps de montrer une nouvelle mani\u00e8re de faire la politique, samedi 03 septembre nous irons impl\u00e9menter notre vision que nous avons au fond de nous, qui nous pousse \u00e0 faire une politique d\u2019amour \u00bb, a d\u00e9clar\u00e9 Auguy Kalonji, le vice-pr\u00e9sident de l\u2019ACR.<\/p>\n\n\n\n<p>Rappelons que \u00c9li\u00e9zer Tambwe et Auguy Kalonji, cofondateurs du nouveau parti sont tous de l\u2019Union sacr\u00e9e de la nation.<\/p>\n\n\n\n<p>Michel Onengombe<\/p>\n","protected":false},"excerpt":{"rendered":"<p>Dans un point de presse tenu ce lundi 29 ao\u00fbt, Eliezer Ntambwe et Aguy Kalonji ont annonc\u00e9 la sortie officielle de la formation politique \u2018\u2019Action commune pour la R\u00e9publique\u2019\u2019 (ACR), qu\u2019ils comptent lanc\u00e9 le 03 septembre \u00e0 la Foire internationale de Kinshasa. Il est \u00e0 noter que, les d\u00e9put\u00e9s nationaux Eliezer Ntambwe et Auguy Kalonji [&hellip;]<\/p>\n","protected":false},"author":1,"featured_media":2090,"comment_status":"open","ping_status":"open","sticky":false,"template":"","format":"standard","meta":{"footnotes":""},"categories":[25],"tags":[],"_links":{"self":[{"href":"https:\/\/times.cd\/index.php\/wp-json\/wp\/v2\/posts\/2089"}],"collection":[{"href":"https:\/\/times.cd\/index.php\/wp-json\/wp\/v2\/posts"}],"about":[{"href":"https:\/\/times.cd\/index.php\/wp-json\/wp\/v2\/types\/post"}],"author":[{"embeddable":true,"href":"https:\/\/times.cd\/index.php\/wp-json\/wp\/v2\/users\/1"}],"replies":[{"embeddable":true,"href":"https:\/\/times.cd\/index.php\/wp-json\/wp\/v2\/comments?post=2089"}],"version-history":[{"count":1,"href":"https:\/\/times.cd\/index.php\/wp-json\/wp\/v2\/posts\/2089\/revisions"}],"predecessor-version":[{"id":2091,"href":"https:\/\/times.cd\/index.php\/wp-json\/wp\/v2\/posts\/2089\/revisions\/2091"}],"wp:featuredmedia":[{"embeddable":true,"href":"https:\/\/times.cd\/index.php\/wp-json\/wp\/v2\/media\/2090"}],"wp:attachment":[{"href":"https:\/\/times.cd\/index.php\/wp-json\/wp\/v2\/media?parent=2089"}],"wp:term":[{"taxonomy":"category","embeddable":true,"href":"https:\/\/times.cd\/index.php\/wp-json\/wp\/v2\/categories?post=2089"},{"taxonomy":"post_tag","embeddable":true,"href":"https:\/\/times.cd\/index.php\/wp-json\/wp\/v2\/tags?post=2089"}],"curies":[{"name":"wp","href":"https:\/\/api.w.org\/{rel}","templated":true}]}}