{"id":2078,"date":"2022-08-29T07:43:45","date_gmt":"2022-08-29T07:43:45","guid":{"rendered":"https:\/\/times.cd\/?p=2078"},"modified":"2022-08-29T07:43:46","modified_gmt":"2022-08-29T07:43:46","slug":"culture-la-4eme-edition-du-festival-kinshasa-mboka-masano-annonce-ses-dates-du-1er-au-3-septembre-a-inepess","status":"publish","type":"post","link":"https:\/\/times.cd\/index.php\/2022\/08\/29\/culture-la-4eme-edition-du-festival-kinshasa-mboka-masano-annonce-ses-dates-du-1er-au-3-septembre-a-inepess\/","title":{"rendered":"Culture : la 4\u00e8me \u00e9dition du Festival \u00a0\u00bb Kinshasa Mboka Masano\u00a0\u00bb, annonce ses dates du 1\u00e8r au 3 septembre \u00e0 INEPESS"},"content":{"rendered":"\n<p>Le mod\u00e9lisme est le plus haut degr\u00e9 de l&rsquo; intelligence du secteur de la mode, dixit madame Lydia Nsambayi, initiatrice du Festival \u00a0\u00bb Kinshasa Mboka Masano\u00a0\u00bb.<\/p>\n\n\n\n<p>Tenue le mercredi 24 ao\u00fbt,&nbsp; \u00e0 la salle Maiko de l&rsquo; immeuble Paul Panda Farnana ex de l&rsquo; alimentation Tembe na Tembe de Lingwala, la conf\u00e9rence de presse&nbsp; autour de la 4\u00e8me \u00e9dition du Festival \u00ab\u00a0Kin Mboka Masano,\u00a0\u00bb qui se tiendra du 1er au 3 septembre prochain \u00e0 l&rsquo;enclos de l&rsquo; INEPESS \u00e0 Kasa- Vubu en face du Mus\u00e9e National. Au cours de cette activit\u00e9 de haute fracture, entre les chevaliers de la plumes et les panels des organisateurs dudit Festival, la presse s&rsquo; est impr\u00e9gn\u00e9e fonci\u00e8rement sur l&rsquo; \u00e2me de cette \u00e9dition sur la mode t\u00e9l\u00e9chargement;aux recettes tellement particuli\u00e8re par rapport aux \u00e9ditions pr\u00e9c\u00e9dentes.<\/p>\n\n\n\n<p>Cette 4\u00e8 \u00e9dition s&rsquo;affirme \u00eatre sp\u00e9cialement la vitrine de la culture congolaise dans son expression vestimentaire en alliage avec la musique, apprend t-on aupr\u00e8s du panel.<br>&nbsp;Encore que, la thematique de cette \u00e9ni\u00e8me porte les atomes entre la mode, la nature&nbsp; et la rumba :\u00a0\u00bbla rumba, et le style dans la nature\u00a0\u00bb,&nbsp; une t\u00e9trade de l&rsquo;expression culturelle congolaise dans le tr\u00e9fonds de son \u00e2me et dans anthro-culturelle, de l&rsquo; Afrique vestimentaire de lingwada, raphia, pattes de l&rsquo; \u00e9l\u00e9phants, wax hollandaise, pentagone et Kin lelo, dixit les panelistes.<\/p>\n\n\n\n<p>&nbsp; Selon Mme Lydia Nsambay, responsable&nbsp; de la marque\u00a0\u00bb Lydia Design\u00a0\u00bb et promotrice du Festival \u00a0\u00bb Kinshasa Mboka Masano\u00a0\u00bb, se fait le voeu devant l&rsquo; \u00c9ternel, de voir cette \u00e9dition&nbsp; \u00eatre la liaison entre la rumba et la mode, ces deux arts qui marchent des paires les ann\u00e9es durant, \u00e0 travers un jumelage de conception :<br>\u00ab\u00a0vous avez en travers le temps la rumba a \u00e9t\u00e9 et toujours \u00e0 c\u00f4t\u00e9 de la mode, du stylisme, avec Papa Wemba, King Kester, nous a vu cette alliage sacro-saint autour du vestimentaire et le 4\u00e8me art congolais ( la musique)\u00a0\u00bb. Explique &#8211; t- elle aux hommes de M\u00e9dias.<\/p>\n\n\n\n<p>Cependant, La Ceo de \u00a0\u00bb Lydia Design\u00a0\u00bb, cette styliste d&rsquo;envergure paonne et puis enseignante \u00e0 l&rsquo;ISAM, narre au cours de cette activit\u00e9 de haute fracture la le\u00e7on d&rsquo;une \u00e9tude s\u00e9mantique et s\u00e9miotique bas\u00e9e sur&nbsp; diachronie et la synchronie du vestimentaire&nbsp; congolaise dans ses multiples facettes: la mod\u00e9lisme, le stylisme, la maroquinerie, la cordonnerie, bijouterie, et l&rsquo; art artisanal; une gamme qui s&rsquo; est mari\u00e9e naturellement avec la Rumba congolaise.<\/p>\n\n\n\n<p>En ce qui pr\u00e9c\u00e8de, cette&nbsp; \u00e9dition 2022&nbsp; veut rendre consid\u00e9rablement hommage \u00e0 la nature du pays, pour une \u00e9dition sera organis\u00e9e en d\u00e9cembre prochain en Bukavu \u00ab\u00a0la verte\u00a0\u00bb au Sud Kivu par travers le lac \u00e9ponyme qui baigne la peau douce de la ville.<\/p>\n\n\n\n<p>Kilimba\/ Fibilulu<\/p>\n","protected":false},"excerpt":{"rendered":"<p>Le mod\u00e9lisme est le plus haut degr\u00e9 de l&rsquo; intelligence du secteur de la mode, dixit madame Lydia Nsambayi, initiatrice du Festival \u00a0\u00bb Kinshasa Mboka Masano\u00a0\u00bb. Tenue le mercredi 24 ao\u00fbt,&nbsp; \u00e0 la salle Maiko de l&rsquo; immeuble Paul Panda Farnana ex de l&rsquo; alimentation Tembe na Tembe de Lingwala, la conf\u00e9rence de presse&nbsp; autour [&hellip;]<\/p>\n","protected":false},"author":1,"featured_media":2079,"comment_status":"open","ping_status":"open","sticky":false,"template":"","format":"standard","meta":{"footnotes":""},"categories":[23],"tags":[],"_links":{"self":[{"href":"https:\/\/times.cd\/index.php\/wp-json\/wp\/v2\/posts\/2078"}],"collection":[{"href":"https:\/\/times.cd\/index.php\/wp-json\/wp\/v2\/posts"}],"about":[{"href":"https:\/\/times.cd\/index.php\/wp-json\/wp\/v2\/types\/post"}],"author":[{"embeddable":true,"href":"https:\/\/times.cd\/index.php\/wp-json\/wp\/v2\/users\/1"}],"replies":[{"embeddable":true,"href":"https:\/\/times.cd\/index.php\/wp-json\/wp\/v2\/comments?post=2078"}],"version-history":[{"count":1,"href":"https:\/\/times.cd\/index.php\/wp-json\/wp\/v2\/posts\/2078\/revisions"}],"predecessor-version":[{"id":2080,"href":"https:\/\/times.cd\/index.php\/wp-json\/wp\/v2\/posts\/2078\/revisions\/2080"}],"wp:featuredmedia":[{"embeddable":true,"href":"https:\/\/times.cd\/index.php\/wp-json\/wp\/v2\/media\/2079"}],"wp:attachment":[{"href":"https:\/\/times.cd\/index.php\/wp-json\/wp\/v2\/media?parent=2078"}],"wp:term":[{"taxonomy":"category","embeddable":true,"href":"https:\/\/times.cd\/index.php\/wp-json\/wp\/v2\/categories?post=2078"},{"taxonomy":"post_tag","embeddable":true,"href":"https:\/\/times.cd\/index.php\/wp-json\/wp\/v2\/tags?post=2078"}],"curies":[{"name":"wp","href":"https:\/\/api.w.org\/{rel}","templated":true}]}}