{"id":2075,"date":"2022-08-27T22:55:56","date_gmt":"2022-08-27T22:55:56","guid":{"rendered":"https:\/\/times.cd\/?p=2075"},"modified":"2022-08-27T22:55:57","modified_gmt":"2022-08-27T22:55:57","slug":"kinshasa-la-soiree-de-la-2eme-edition-de-fashion-without-borders-africa-sest-affirmee-xxl","status":"publish","type":"post","link":"https:\/\/times.cd\/index.php\/2022\/08\/27\/kinshasa-la-soiree-de-la-2eme-edition-de-fashion-without-borders-africa-sest-affirmee-xxl\/","title":{"rendered":"Kinshasa : la soir\u00e9e de la 2\u00e8me \u00e9dition de Fashion Without  Borders Africa s&rsquo;est affirm\u00e9e XXL"},"content":{"rendered":"\n<p><\/p>\n\n\n\n<p><\/p>\n\n\n\n<p>La fi\u00e8vre&nbsp; du vendredi soir<\/p>\n\n\n\n<p>La fashion week \u00a0\u00bb only\u00a0\u00bb de la \u00a0\u00bb Fashion Without Borders Africa\u00a0\u00bb ( mode sans fronti\u00e8res africaine), tenue \u00e0 la belle \u00e9toile du Mus\u00e9e National de la R\u00e9publique d\u00e9mocratique du Congo, ce vendredi 26 ao\u00fbt, s&rsquo; est affirm\u00e9 pour une \u00e9ni\u00e8me fois de mani\u00e8re magistrale et majestuese comme un des grands chelem de Fashion mode en Afrique, avec des faces news tellement talentueses et designer insoup\u00e7onn\u00e9s, l&rsquo; art manequitoire gagne peu \u00e0 peu du terrain avec la renaissance de la culture vestimentaire africaine; la mode, autre arme du combat de l&rsquo;identit\u00e9 du continent, \u00e0 travers Fashion Without Borders Africa.<\/p>\n\n\n\n<p>Cependant la deuxi\u00e8me \u00e9dition de cette c\u00e9r\u00e9monie a connue une touche assez particuli\u00e8re dans sa pr\u00e9sentation, avec la participation d&rsquo;un cocktail des nombreux mod\u00e9listes de la R\u00e9publique d\u00e9mocratique du Congo, de l&rsquo;Afrique du sud et ceux du Botswana; qui \u00e0 tour de r\u00f4le, ont \u00e9merveill\u00e9 le public ayant prit part \u00e0 cette \u00e9v\u00e9nement par les oeuvres de haute couture enfil\u00e9 les mannequins d\u00e9filant sous une musique pour agr\u00e9menter cette soir\u00e9e<\/p>\n\n\n\n<p>La \u00ab\u00a0Fashion without Broders Africa\u00a0\u00bb Kinshasa 2021, est une initiative qui vise \u00e0 booster la culture et la mode congolaise en l&rsquo;exhibant en Afrique et voir m\u00eame au monde, a en croire mrs Serge Kabisoso, initiateur de cette grande messe de la mode.<\/p>\n\n\n\n<p>Signalons que la prochaine c\u00e9r\u00e9monie de la \u00ab\u00a0Fashion Without Broders Africa\u00a0\u00bb se tiendra du 14 au 14 septembre 2022 au Botswana, en Afrique australe.<\/p>\n\n\n\n<p>Kilimba \/ Fibilulu<\/p>\n","protected":false},"excerpt":{"rendered":"<p>La fi\u00e8vre&nbsp; du vendredi soir La fashion week \u00a0\u00bb only\u00a0\u00bb de la \u00a0\u00bb Fashion Without Borders Africa\u00a0\u00bb ( mode sans fronti\u00e8res africaine), tenue \u00e0 la belle \u00e9toile du Mus\u00e9e National de la R\u00e9publique d\u00e9mocratique du Congo, ce vendredi 26 ao\u00fbt, s&rsquo; est affirm\u00e9 pour une \u00e9ni\u00e8me fois de mani\u00e8re magistrale et majestuese comme un des [&hellip;]<\/p>\n","protected":false},"author":1,"featured_media":2076,"comment_status":"open","ping_status":"open","sticky":false,"template":"","format":"standard","meta":{"footnotes":""},"categories":[23],"tags":[],"_links":{"self":[{"href":"https:\/\/times.cd\/index.php\/wp-json\/wp\/v2\/posts\/2075"}],"collection":[{"href":"https:\/\/times.cd\/index.php\/wp-json\/wp\/v2\/posts"}],"about":[{"href":"https:\/\/times.cd\/index.php\/wp-json\/wp\/v2\/types\/post"}],"author":[{"embeddable":true,"href":"https:\/\/times.cd\/index.php\/wp-json\/wp\/v2\/users\/1"}],"replies":[{"embeddable":true,"href":"https:\/\/times.cd\/index.php\/wp-json\/wp\/v2\/comments?post=2075"}],"version-history":[{"count":1,"href":"https:\/\/times.cd\/index.php\/wp-json\/wp\/v2\/posts\/2075\/revisions"}],"predecessor-version":[{"id":2077,"href":"https:\/\/times.cd\/index.php\/wp-json\/wp\/v2\/posts\/2075\/revisions\/2077"}],"wp:featuredmedia":[{"embeddable":true,"href":"https:\/\/times.cd\/index.php\/wp-json\/wp\/v2\/media\/2076"}],"wp:attachment":[{"href":"https:\/\/times.cd\/index.php\/wp-json\/wp\/v2\/media?parent=2075"}],"wp:term":[{"taxonomy":"category","embeddable":true,"href":"https:\/\/times.cd\/index.php\/wp-json\/wp\/v2\/categories?post=2075"},{"taxonomy":"post_tag","embeddable":true,"href":"https:\/\/times.cd\/index.php\/wp-json\/wp\/v2\/tags?post=2075"}],"curies":[{"name":"wp","href":"https:\/\/api.w.org\/{rel}","templated":true}]}}