{"id":2046,"date":"2022-08-20T12:02:04","date_gmt":"2022-08-20T12:02:04","guid":{"rendered":"https:\/\/times.cd\/?p=2046"},"modified":"2022-08-20T12:02:05","modified_gmt":"2022-08-20T12:02:05","slug":"kasai-central-le-president-national-du-parti-politique-aigle-du-congo-pour-le-developpement-dote-de-moyens-de-transport-a-linterfederal-du-kasai-central","status":"publish","type":"post","link":"https:\/\/times.cd\/index.php\/2022\/08\/20\/kasai-central-le-president-national-du-parti-politique-aigle-du-congo-pour-le-developpement-dote-de-moyens-de-transport-a-linterfederal-du-kasai-central\/","title":{"rendered":"Kasa\u00ef Central: le pr\u00e9sident National du parti politique Aigle du Congo pour le d\u00e9veloppement dote de moyens de transport \u00e0 l&rsquo;interf\u00e9deral du kasa\u00ef central"},"content":{"rendered":"\n<p><\/p>\n\n\n\n<p>En s\u00e9jour \u00e0 kananga depuis le d\u00e9but de la semaine en cours, pour des raisons purement scientifiques. Le professeur F\u00e9licien Kalala a, en sa qualit\u00e9 du Pr\u00e9sident National du parti politique Aigle du Congo pour le d\u00e9veloppement effectu\u00e9 une visite \u00e0 la permanence du parti dans l&rsquo;apr\u00e8s midi du vendredi 19 Ao\u00fbt 2022, o\u00f9 il a pr\u00e9sid\u00e9 une c\u00e9r\u00e9monie de remise officielle de cinq (5) motos au pr\u00e9sident int\u00e9rfederal.<\/p>\n\n\n\n<p>R\u00e9pondant aux questions des journalistes, le Professeur F\u00e9licien Kalala a situ\u00e9 sa descente au si\u00e8ge du parti pour deux principales missions: donnez des instructions fermes au pr\u00e9sident de l&rsquo;interfederation de cette province afin de pr\u00e9parer la sortie officielle du parti qui interviendra le 27 Ao\u00fbt prochain.<\/p>\n\n\n\n<p>Pour l&rsquo;honorable F\u00e9licien Kalala, ces moyens de d\u00e9placement permettra aux dirigeants du parti d&rsquo;implanter l&rsquo;AC\/d\u00e9 sur toute l&rsquo;\u00e9tendue du Kasa\u00ef central.<\/p>\n\n\n\n<p>Tony\/Times<\/p>\n","protected":false},"excerpt":{"rendered":"<p>En s\u00e9jour \u00e0 kananga depuis le d\u00e9but de la semaine en cours, pour des raisons purement scientifiques. Le professeur F\u00e9licien Kalala a, en sa qualit\u00e9 du Pr\u00e9sident National du parti politique Aigle du Congo pour le d\u00e9veloppement effectu\u00e9 une visite \u00e0 la permanence du parti dans l&rsquo;apr\u00e8s midi du vendredi 19 Ao\u00fbt 2022, o\u00f9 il [&hellip;]<\/p>\n","protected":false},"author":1,"featured_media":2047,"comment_status":"open","ping_status":"open","sticky":false,"template":"","format":"standard","meta":{"footnotes":""},"categories":[25],"tags":[],"_links":{"self":[{"href":"https:\/\/times.cd\/index.php\/wp-json\/wp\/v2\/posts\/2046"}],"collection":[{"href":"https:\/\/times.cd\/index.php\/wp-json\/wp\/v2\/posts"}],"about":[{"href":"https:\/\/times.cd\/index.php\/wp-json\/wp\/v2\/types\/post"}],"author":[{"embeddable":true,"href":"https:\/\/times.cd\/index.php\/wp-json\/wp\/v2\/users\/1"}],"replies":[{"embeddable":true,"href":"https:\/\/times.cd\/index.php\/wp-json\/wp\/v2\/comments?post=2046"}],"version-history":[{"count":1,"href":"https:\/\/times.cd\/index.php\/wp-json\/wp\/v2\/posts\/2046\/revisions"}],"predecessor-version":[{"id":2048,"href":"https:\/\/times.cd\/index.php\/wp-json\/wp\/v2\/posts\/2046\/revisions\/2048"}],"wp:featuredmedia":[{"embeddable":true,"href":"https:\/\/times.cd\/index.php\/wp-json\/wp\/v2\/media\/2047"}],"wp:attachment":[{"href":"https:\/\/times.cd\/index.php\/wp-json\/wp\/v2\/media?parent=2046"}],"wp:term":[{"taxonomy":"category","embeddable":true,"href":"https:\/\/times.cd\/index.php\/wp-json\/wp\/v2\/categories?post=2046"},{"taxonomy":"post_tag","embeddable":true,"href":"https:\/\/times.cd\/index.php\/wp-json\/wp\/v2\/tags?post=2046"}],"curies":[{"name":"wp","href":"https:\/\/api.w.org\/{rel}","templated":true}]}}