{"id":2041,"date":"2022-08-19T22:08:13","date_gmt":"2022-08-19T22:08:13","guid":{"rendered":"https:\/\/times.cd\/?p=2041"},"modified":"2022-08-19T22:13:22","modified_gmt":"2022-08-19T22:13:22","slug":"rdc-sommet-de-le-sadc-a-kinshasa-lyrec-etait-a-la-tete-de-la-composante-jeunesse","status":"publish","type":"post","link":"https:\/\/times.cd\/index.php\/2022\/08\/19\/rdc-sommet-de-le-sadc-a-kinshasa-lyrec-etait-a-la-tete-de-la-composante-jeunesse\/","title":{"rendered":"RDC: sommet de la SADC \u00e0 Kinshasa : LYREC \u00e9tait \u00e0 la t\u00eate de la composante jeunesse"},"content":{"rendered":"\n<p><\/p>\n\n\n\n<p><\/p>\n\n\n\n<p>C&rsquo;est depuis le mardi 16 ao\u00fbt 2022 que Kinshasa abrite le sommet des organisations de la soci\u00e9t\u00e9 civile membres de la Southern African Development Community (SADC).<\/p>\n\n\n\n<p>Au sujet de la jeunesse, il \u00e9tait question d&rsquo;aborder quelques points notamment : l\u00e9largissement de l&rsquo;espace d\u00e9mocratique,<br>l&rsquo;acc\u00e8s \u00e0 l&rsquo;\u00e9ducation de base, la participation des jeunes aux instances de prise des d\u00e9cisions, la justice \u00c9conomique et l&rsquo;approche du d\u00e9veloppement durable.<\/p>\n\n\n\n<p>Devant les jeunes des organisations de la soci\u00e9t\u00e9 civile membres de la SADC, Me Justus Tshikona, coordonnateur de la plateforme Lyrec, pan\u00e9liste repr\u00e9sentant de la jeunesse congolaise a pr\u00e9sent\u00e9 les diff\u00e9rents domaines d&rsquo;interventions de sa structure en RDC ainsi que les projets d\u00e9j\u00e0 r\u00e9alis\u00e9s et les perspectives d&rsquo;avenir.<\/p>\n\n\n\n<p>Il a, par ailleurs, soulign\u00e9 devant les organisations de la soci\u00e9t\u00e9 civile membres de la SADC de l&rsquo;agression de la RDC par les ennemis, avec la main du pays voisin qui est le Rwanda.<\/p>\n\n\n\n<p>Rappelons que, lors de l&rsquo;ouverture des travaux de la 42\u00e8me session des chefs d&rsquo;Etat membres de la SADC, le Pr\u00e9sident malawite a pass\u00e9 le b\u00e2ton de commandement \u00e0 son successeur F\u00e9lix Tshisekedi comme Pr\u00e9sident de la SADC pour l&rsquo;exercice 2022-2023. Ce qui donne \u00e0 la RDC le Leadership et \u00e0 la LYREC le leadership de la composante jeunesse durant ledit exercice.<\/p>\n\n\n\n<p>Tony<\/p>\n","protected":false},"excerpt":{"rendered":"<p>C&rsquo;est depuis le mardi 16 ao\u00fbt 2022 que Kinshasa abrite le sommet des organisations de la soci\u00e9t\u00e9 civile membres de la Southern African Development Community (SADC). Au sujet de la jeunesse, il \u00e9tait question d&rsquo;aborder quelques points notamment : l\u00e9largissement de l&rsquo;espace d\u00e9mocratique,l&rsquo;acc\u00e8s \u00e0 l&rsquo;\u00e9ducation de base, la participation des jeunes aux instances de prise [&hellip;]<\/p>\n","protected":false},"author":1,"featured_media":2042,"comment_status":"open","ping_status":"open","sticky":false,"template":"","format":"standard","meta":{"footnotes":""},"categories":[25],"tags":[],"_links":{"self":[{"href":"https:\/\/times.cd\/index.php\/wp-json\/wp\/v2\/posts\/2041"}],"collection":[{"href":"https:\/\/times.cd\/index.php\/wp-json\/wp\/v2\/posts"}],"about":[{"href":"https:\/\/times.cd\/index.php\/wp-json\/wp\/v2\/types\/post"}],"author":[{"embeddable":true,"href":"https:\/\/times.cd\/index.php\/wp-json\/wp\/v2\/users\/1"}],"replies":[{"embeddable":true,"href":"https:\/\/times.cd\/index.php\/wp-json\/wp\/v2\/comments?post=2041"}],"version-history":[{"count":2,"href":"https:\/\/times.cd\/index.php\/wp-json\/wp\/v2\/posts\/2041\/revisions"}],"predecessor-version":[{"id":2044,"href":"https:\/\/times.cd\/index.php\/wp-json\/wp\/v2\/posts\/2041\/revisions\/2044"}],"wp:featuredmedia":[{"embeddable":true,"href":"https:\/\/times.cd\/index.php\/wp-json\/wp\/v2\/media\/2042"}],"wp:attachment":[{"href":"https:\/\/times.cd\/index.php\/wp-json\/wp\/v2\/media?parent=2041"}],"wp:term":[{"taxonomy":"category","embeddable":true,"href":"https:\/\/times.cd\/index.php\/wp-json\/wp\/v2\/categories?post=2041"},{"taxonomy":"post_tag","embeddable":true,"href":"https:\/\/times.cd\/index.php\/wp-json\/wp\/v2\/tags?post=2041"}],"curies":[{"name":"wp","href":"https:\/\/api.w.org\/{rel}","templated":true}]}}