{"id":2036,"date":"2022-08-19T09:00:32","date_gmt":"2022-08-19T09:00:32","guid":{"rendered":"https:\/\/times.cd\/?p=2036"},"modified":"2022-08-19T09:45:40","modified_gmt":"2022-08-19T09:45:40","slug":"rdcbientot-dans-vos-bibliotheques-le-must-de-lethique-effective-de-la-renaissance-de-la-rdc-oeuvre-du-dr-daniel-kawata","status":"publish","type":"post","link":"https:\/\/times.cd\/index.php\/2022\/08\/19\/rdcbientot-dans-vos-bibliotheques-le-must-de-lethique-effective-de-la-renaissance-de-la-rdc-oeuvre-du-dr-daniel-kawata\/","title":{"rendered":"RDC: bient\u00f4t dans vos biblioth\u00e8ques \u00ab\u00a0le Must de l&rsquo;\u00e9thique effective de la renaissance de la RDC\u00a0\u00bb, oeuvre du Dr Daniel Kawata"},"content":{"rendered":"\n<p><\/p>\n\n\n\n<p><\/p>\n\n\n\n<p>Elle se tiendra d&rsquo;abord, une conf\u00e9rence de grande envergure \u00e0 l&rsquo; Universit\u00e9 Protestante au Congo, et en date du 26 ao\u00fbt 2022, autour dudit livre avec des grands manitous de la \u00ab\u00a0gent sciencia\u00a0\u00bb, notamment : Monseigneur Nyamuka Asial, l&rsquo;ancienne candidate \u00e0 l&rsquo;\u00e9lection pr\u00e9sidentielle de 2018, Marie-Jos\u00e9e Ifoku, le recteur de l&rsquo;Universit\u00e9 de Kinshasa \u00ab\u00a0Colline inspir\u00e9e de Mont-Amba\u00a0\u00bb, docteur Jean Marie Kayembe, envie de faire la circumnavigation de l&rsquo; ouvrage au profit de l&rsquo;assistance.<\/p>\n\n\n\n<p>Pas plus loin, le lendemain de la journ\u00e9e de la conf\u00e9rence, la journ\u00e9e sabbatique, du samedi 27 ao\u00fbt, qu&rsquo;interviendra la c\u00e9r\u00e9monie de vernissage et bapt\u00eame de cet opus scientifique, au Chapiteau de Pullman au Grand H\u00f4tel de Kinshasa, instant de la recension et du brossage du livre, afin de couper le cordon ombilical de nouveau-n\u00e9 et de lui souhaiter bon vent.<\/p>\n\n\n\n<p>\u00c0 savoir, la mati\u00e8re trait\u00e9e par ce joyau litt\u00e9raire, \u00ab\u00a0le Must de l&rsquo; \u00e9thique pour la renaissance effective de la RDC\u00a0\u00bb, appelle le muntu congolais \u00e0 repenser sur un mod\u00e8le du leadership, du concept patriote, b\u00e2tisseur de l&rsquo;avenir du pays, sur la n\u00e9cessit\u00e9 et l&rsquo; importance de mieux faire en terme du r\u00e9alisme.<\/p>\n\n\n\n<p>Qui est plus, sur la refondation d&rsquo;un nouveau prototype de l&rsquo;homme politique congolaise, son style de leadership lors de l&rsquo;exercice \u00e0 la chose publique. Un changement de paradigme politique et de l&rsquo;\u00e9thique pour une renaissance effective de la R\u00e9publique D\u00e9mocratique du Congo.<\/p>\n\n\n\n<p>Barca Horly Fibilulu Mpia<\/p>\n","protected":false},"excerpt":{"rendered":"<p>Elle se tiendra d&rsquo;abord, une conf\u00e9rence de grande envergure \u00e0 l&rsquo; Universit\u00e9 Protestante au Congo, et en date du 26 ao\u00fbt 2022, autour dudit livre avec des grands manitous de la \u00ab\u00a0gent sciencia\u00a0\u00bb, notamment : Monseigneur Nyamuka Asial, l&rsquo;ancienne candidate \u00e0 l&rsquo;\u00e9lection pr\u00e9sidentielle de 2018, Marie-Jos\u00e9e Ifoku, le recteur de l&rsquo;Universit\u00e9 de Kinshasa \u00ab\u00a0Colline inspir\u00e9e [&hellip;]<\/p>\n","protected":false},"author":1,"featured_media":2037,"comment_status":"open","ping_status":"open","sticky":false,"template":"","format":"standard","meta":{"footnotes":""},"categories":[23],"tags":[],"_links":{"self":[{"href":"https:\/\/times.cd\/index.php\/wp-json\/wp\/v2\/posts\/2036"}],"collection":[{"href":"https:\/\/times.cd\/index.php\/wp-json\/wp\/v2\/posts"}],"about":[{"href":"https:\/\/times.cd\/index.php\/wp-json\/wp\/v2\/types\/post"}],"author":[{"embeddable":true,"href":"https:\/\/times.cd\/index.php\/wp-json\/wp\/v2\/users\/1"}],"replies":[{"embeddable":true,"href":"https:\/\/times.cd\/index.php\/wp-json\/wp\/v2\/comments?post=2036"}],"version-history":[{"count":2,"href":"https:\/\/times.cd\/index.php\/wp-json\/wp\/v2\/posts\/2036\/revisions"}],"predecessor-version":[{"id":2039,"href":"https:\/\/times.cd\/index.php\/wp-json\/wp\/v2\/posts\/2036\/revisions\/2039"}],"wp:featuredmedia":[{"embeddable":true,"href":"https:\/\/times.cd\/index.php\/wp-json\/wp\/v2\/media\/2037"}],"wp:attachment":[{"href":"https:\/\/times.cd\/index.php\/wp-json\/wp\/v2\/media?parent=2036"}],"wp:term":[{"taxonomy":"category","embeddable":true,"href":"https:\/\/times.cd\/index.php\/wp-json\/wp\/v2\/categories?post=2036"},{"taxonomy":"post_tag","embeddable":true,"href":"https:\/\/times.cd\/index.php\/wp-json\/wp\/v2\/tags?post=2036"}],"curies":[{"name":"wp","href":"https:\/\/api.w.org\/{rel}","templated":true}]}}