{"id":2031,"date":"2022-08-18T18:28:05","date_gmt":"2022-08-18T18:28:05","guid":{"rendered":"https:\/\/times.cd\/?p=2031"},"modified":"2022-08-18T18:28:06","modified_gmt":"2022-08-18T18:28:06","slug":"tout-savoir-sur-les-propos-du-president-zambien-hakainde-hichelema-tenu-a-kinshasa","status":"publish","type":"post","link":"https:\/\/times.cd\/index.php\/2022\/08\/18\/tout-savoir-sur-les-propos-du-president-zambien-hakainde-hichelema-tenu-a-kinshasa\/","title":{"rendered":"Tout savoir sur les propos du pr\u00e9sident Zambien Hakainde hichelema tenu \u00e0 Kinshasa"},"content":{"rendered":"\n<p><\/p>\n\n\n\n<p><\/p>\n\n\n\n<p>\u00c0 Kinshasa capitale de la R\u00e9publique D\u00e9mocratique du Congo l\u00e0 o\u00f9 il s\u2019est tenu ce mercredi 16 ao\u00fbt le 42e sommet de la Communaut\u00e9 de d\u00e9veloppement de l\u2019afrique Australe (SADC), une organisation qui compte en son sein15 \u00e9tats membres fond\u00e9 depuis 1980 dont le si\u00e8ge se trouve \u00e0 gaborone au Botswana.<\/p>\n\n\n\n<p>Le pr\u00e9sident de la Zambie, hakainde hichilema a rappel\u00e9 \u00e0 cette organisation la situation s\u00e9curitaire que traverse la RDC depuis plusieurs ann\u00e9es. Cette situation impact n\u00e9gativement sur le d\u00e9veloppement de l\u2019Afrique australe.<\/p>\n\n\n\n<p>\u201cNous devons appuyer la R\u00e9publique D\u00e9mocratique du Congo pour la paix et la stabilit\u00e9 et cela nous permettra d\u2019impl\u00e9menter tous nos projets de l&rsquo;\u00e9nergie, de l\u2019eau et de la croissance \u00e9conomique\u201d, a d\u00e9clar\u00e9 Hakainde Hichilema lors de sa toute premi\u00e8re intervention au sommet la SADC depuis son \u00e9lection en ao\u00fbt 2021 \u00e0 la t\u00eate de la Zambie.<\/p>\n\n\n\n<p>Et d&rsquo;ajouter, \u201cparfois au sein de la SADC nous essayons de rel\u00e9guer au second plan l\u2019agression de l\u2019est de la RDC\u201d, a-t-il fait remarquer depuis la cr\u00e9ation de cette organisation.<\/p>\n\n\n\n<p>Il a fait comprendre au membre de la SADC que l\u2019avancement de la R\u00e9publique d\u00e9mocratique du Congo donnera un d\u00e9veloppement sur tout les plans strat\u00e9giques et \u00e9conomiques de l\u2019Afrique australe dont ils sont membre .<\/p>\n\n\n\n<p>A savoir que la guerre de l\u2019Est de la RDC existe depuis plus de 20 ans que cette r\u00e9gion est tomb\u00e9e dans l\u2019ins\u00e9curit\u00e9 totale par de groupes arm\u00e9s, dont certains sont financ\u00e9s et approvisionn\u00e9s par le RWANDA qui est un pays limitrophe de la RDC.<\/p>\n\n\n\n<p>Mike kaniki<\/p>\n","protected":false},"excerpt":{"rendered":"<p>\u00c0 Kinshasa capitale de la R\u00e9publique D\u00e9mocratique du Congo l\u00e0 o\u00f9 il s\u2019est tenu ce mercredi 16 ao\u00fbt le 42e sommet de la Communaut\u00e9 de d\u00e9veloppement de l\u2019afrique Australe (SADC), une organisation qui compte en son sein15 \u00e9tats membres fond\u00e9 depuis 1980 dont le si\u00e8ge se trouve \u00e0 gaborone au Botswana. Le pr\u00e9sident de la [&hellip;]<\/p>\n","protected":false},"author":1,"featured_media":2032,"comment_status":"open","ping_status":"open","sticky":false,"template":"","format":"standard","meta":{"footnotes":""},"categories":[25],"tags":[],"_links":{"self":[{"href":"https:\/\/times.cd\/index.php\/wp-json\/wp\/v2\/posts\/2031"}],"collection":[{"href":"https:\/\/times.cd\/index.php\/wp-json\/wp\/v2\/posts"}],"about":[{"href":"https:\/\/times.cd\/index.php\/wp-json\/wp\/v2\/types\/post"}],"author":[{"embeddable":true,"href":"https:\/\/times.cd\/index.php\/wp-json\/wp\/v2\/users\/1"}],"replies":[{"embeddable":true,"href":"https:\/\/times.cd\/index.php\/wp-json\/wp\/v2\/comments?post=2031"}],"version-history":[{"count":1,"href":"https:\/\/times.cd\/index.php\/wp-json\/wp\/v2\/posts\/2031\/revisions"}],"predecessor-version":[{"id":2033,"href":"https:\/\/times.cd\/index.php\/wp-json\/wp\/v2\/posts\/2031\/revisions\/2033"}],"wp:featuredmedia":[{"embeddable":true,"href":"https:\/\/times.cd\/index.php\/wp-json\/wp\/v2\/media\/2032"}],"wp:attachment":[{"href":"https:\/\/times.cd\/index.php\/wp-json\/wp\/v2\/media?parent=2031"}],"wp:term":[{"taxonomy":"category","embeddable":true,"href":"https:\/\/times.cd\/index.php\/wp-json\/wp\/v2\/categories?post=2031"},{"taxonomy":"post_tag","embeddable":true,"href":"https:\/\/times.cd\/index.php\/wp-json\/wp\/v2\/tags?post=2031"}],"curies":[{"name":"wp","href":"https:\/\/api.w.org\/{rel}","templated":true}]}}