{"id":2030,"date":"2022-08-18T18:30:53","date_gmt":"2022-08-18T18:30:53","guid":{"rendered":"https:\/\/times.cd\/?p=2030"},"modified":"2022-08-18T18:30:54","modified_gmt":"2022-08-18T18:30:54","slug":"sommet-de-la-sadc-a-kinshasa-ludps-emmanuel-tshibambe-salue-la-diplomatie-proactive-et-agissante-du-president-felix-tshisekedi","status":"publish","type":"post","link":"https:\/\/times.cd\/index.php\/2022\/08\/18\/sommet-de-la-sadc-a-kinshasa-ludps-emmanuel-tshibambe-salue-la-diplomatie-proactive-et-agissante-du-president-felix-tshisekedi\/","title":{"rendered":"Sommet de la SADC \u00e0 Kinshasa : l&rsquo;UDPS Emmanuel Tshibambe salue la diplomatie proactive et agissante du pr\u00e9sident F\u00e9lix Tshisekedi"},"content":{"rendered":"\n<p>Le Pr\u00e9sident congolais F\u00e9lix Tshisekedi a pris, mercredi, les commandes de la Communaut\u00e9 de d\u00e9veloppement de l&rsquo;Afrique australe (SADC) \u00e0 l\u2019issue du 42\u00e8me sommet ordinaire des chefs d\u2019\u00c9tat et de gouvernement de cette organisation r\u00e9gionale qui s\u2019est ouvert \u00e0 Kinshasa, capitale de la R\u00e9publique d\u00e9mocratique du Congo (RDC).<\/p>\n\n\n\n<p>Le sommet a r\u00e9uni une dizaine de pr\u00e9sidents ou leurs d\u00e9l\u00e9gu\u00e9s au si\u00e8ge du Parlement congolais am\u00e9nag\u00e9 pour accueillir le sommet de deux jours.<\/p>\n\n\n\n<p>\u00c0 cette occasion, le communicateur de l&rsquo;Union pour la D\u00e9mocratie et le Progr\u00e8s Sociale (UDPS) et haut cadre de cette formation politique, Emmanuel Tshibambe salue la diplomatie du pr\u00e9sident F\u00e9lix Tshisekedi qu&rsquo;il qualifie de proactive.<\/p>\n\n\n\n<p>\u00ab\u00a0En seulement 3 ans, brigu\u00e9 les fonctions de pr\u00e9sident de l&rsquo;Union Africaine, pr\u00e9sident de la CEEAC et d\u00e9sormais ce jour pr\u00e9sident de la SADC, est une preuve d&rsquo;une diplomatie agissante\u00a0\u00bb, s&rsquo;est exclam\u00e9 Emmanuel Tshibambe avant de dire merci au chef de l&rsquo;\u00c9tat Fatshi B\u00e9ton gr\u00e2ce \u00e0 qui la RDC gagne.<\/p>\n\n\n\n<p>Il faut rappeler que, les assises de Kinshasa ont pour th\u00e8me : \u00ab Promouvoir l\u2019industrialisation par le biais de l\u2019agro-industrie, de l\u2019enrichissement des min\u00e9raux et des cha\u00eenes de valeur r\u00e9gionales pour une croissance \u00e9conomique r\u00e9siliente \u00bb.<\/p>\n\n\n\n<p>Le Chef de l\u2019\u00c9tat congolais pr\u00e9side depuis d\u00e9but 2022 la Communaut\u00e9 \u00e9conomique des \u00c9tats de l\u2019Afrique centrale (CEEAC).<\/p>\n\n\n\n<p>Times<\/p>\n","protected":false},"excerpt":{"rendered":"<p>Le Pr\u00e9sident congolais F\u00e9lix Tshisekedi a pris, mercredi, les commandes de la Communaut\u00e9 de d\u00e9veloppement de l&rsquo;Afrique australe (SADC) \u00e0 l\u2019issue du 42\u00e8me sommet ordinaire des chefs d\u2019\u00c9tat et de gouvernement de cette organisation r\u00e9gionale qui s\u2019est ouvert \u00e0 Kinshasa, capitale de la R\u00e9publique d\u00e9mocratique du Congo (RDC). Le sommet a r\u00e9uni une dizaine de [&hellip;]<\/p>\n","protected":false},"author":1,"featured_media":2034,"comment_status":"open","ping_status":"open","sticky":false,"template":"","format":"standard","meta":{"footnotes":""},"categories":[25],"tags":[],"_links":{"self":[{"href":"https:\/\/times.cd\/index.php\/wp-json\/wp\/v2\/posts\/2030"}],"collection":[{"href":"https:\/\/times.cd\/index.php\/wp-json\/wp\/v2\/posts"}],"about":[{"href":"https:\/\/times.cd\/index.php\/wp-json\/wp\/v2\/types\/post"}],"author":[{"embeddable":true,"href":"https:\/\/times.cd\/index.php\/wp-json\/wp\/v2\/users\/1"}],"replies":[{"embeddable":true,"href":"https:\/\/times.cd\/index.php\/wp-json\/wp\/v2\/comments?post=2030"}],"version-history":[{"count":1,"href":"https:\/\/times.cd\/index.php\/wp-json\/wp\/v2\/posts\/2030\/revisions"}],"predecessor-version":[{"id":2035,"href":"https:\/\/times.cd\/index.php\/wp-json\/wp\/v2\/posts\/2030\/revisions\/2035"}],"wp:featuredmedia":[{"embeddable":true,"href":"https:\/\/times.cd\/index.php\/wp-json\/wp\/v2\/media\/2034"}],"wp:attachment":[{"href":"https:\/\/times.cd\/index.php\/wp-json\/wp\/v2\/media?parent=2030"}],"wp:term":[{"taxonomy":"category","embeddable":true,"href":"https:\/\/times.cd\/index.php\/wp-json\/wp\/v2\/categories?post=2030"},{"taxonomy":"post_tag","embeddable":true,"href":"https:\/\/times.cd\/index.php\/wp-json\/wp\/v2\/tags?post=2030"}],"curies":[{"name":"wp","href":"https:\/\/api.w.org\/{rel}","templated":true}]}}