{"id":2026,"date":"2022-08-17T21:07:11","date_gmt":"2022-08-17T21:07:11","guid":{"rendered":"https:\/\/times.cd\/?p=2026"},"modified":"2022-08-17T21:07:12","modified_gmt":"2022-08-17T21:07:12","slug":"rdc-la-structure-fmjc-lance-une-campagne-de-sensibilisation-pour-lusage-accrue-des-foyers-ameliores","status":"publish","type":"post","link":"https:\/\/times.cd\/index.php\/2022\/08\/17\/rdc-la-structure-fmjc-lance-une-campagne-de-sensibilisation-pour-lusage-accrue-des-foyers-ameliores\/","title":{"rendered":"RDC: La structure FMJC lance une campagne de sensibilisation pour l\u2019usage accrue des foyers am\u00e9lior\u00e9s"},"content":{"rendered":"\n<p><\/p>\n\n\n\n<p>La RDC pr\u00e9sente une grande d\u00e9pendance \u00e0 la biomasse comme biais de cuisson (plus de 93% du bilan \u00e9nerg\u00e9tique du pays en 2015) \u00e0 cause d\u2019une instabilit\u00e9 courant \u00e9lectrique et peu d\u2019attention a \u00e9t\u00e9 accord\u00e9e jusque-l\u00e0 \u00e0 l\u2019importance de diversifier d\u2019\u00e9nergie de cuisson.<\/p>\n\n\n\n<p>Ce lundi 15 ao\u00fbt \u00e0 la salle du paroisse catholique du Sacr\u00e9-C\u0153ur \u00e0 gombe, L\u2019ONG Femmes des M\u00e9dias pour la justice au Congo (FMJC) a effectu\u00e9e le lancement officiel de la campagne de sensibilisation de la population congolaise par une conf\u00e9rence de presse pour utilisation des braseros \u00e9conomiques au familles am\u00e9lior\u00e9es(FA) et l\u2019utilisation de Gazs de p\u00e9trole liqu\u00e9fi\u00e9 (GPL), par le financement du programme des nations-unies pour le d\u00e9veloppement de la (PNUD).<\/p>\n\n\n\n<p>Lors de cette conf\u00e9rence de presse, elles ont donn\u00e9 les principaux objectifs de cette campagne \u00e0 l\u2019instauration et l\u2019utilisation en RDC de bras\u00e9ros commun\u00e9ment appel\u00e9 en lingala, \u00ab\u00a0Mbabola \u00e9conomique\u00a0\u00bb<\/p>\n\n\n\n<p>Madame la coordinatrice Kenneth ENIM AMPI, c&rsquo;est exprim\u00e9e en ces termes: la campagne vise \u00e0 atteindre 7 millions de congolais qui sont dans le m\u00e9nage d\u2019ici 2023. Sensibilis\u00e9s tout ce gens, va permettre l\u2019usage r\u00e9gulier des foyer am\u00e9lior\u00e9s (Mbabola \u00e9conomique) et le r\u00e9chaud \u00e0 gaz pour cuire d\u2019une mani\u00e8re simple sans polluer l\u2019atmosph\u00e8re.<\/p>\n\n\n\n<p>Afin de r\u00e9duire les d\u00e9penses de m\u00e9nages dans chaque famille, nous avons innov\u00e9 en optant pour le boise-\u00e9nergie, qui va parvenir \u00e0 \u00e9pargner les revenus dans chaque foyer et par ricochet, r\u00e9duire le d\u00e9boisement excessif\u00a0\u00bb tel a \u00e9t\u00e9 la conclusion de la coordinatrice Kenneth ENIM AMPI.<\/p>\n\n\n\n<p>La campagne de sensibilisation lanc\u00e9e par le FMJC se d\u00e9roulera jusqu\u2019au 31 d\u00e9cembre 2023 ,dans cinq villes de la RDC dont la ville de Kinshasa, Lubumbashi, Goma, Bukavu et Kisangani. Ce sont des villes choisies comme pilotes .<\/p>\n\n\n\n<p>Pour vulgariser et communiquer facilement avec les publics sur les avantages d\u2019utiliser les \u00e9nergies de cuisson propre pour l\u2019adoption de ces technologies, afin de lutter contre la d\u00e9forestation.<\/p>\n\n\n\n<p>Rappelons que La croissance d\u00e9mographique galopante en RDC (3,1%l\u2019an) ces derni\u00e8res d\u00e9cennies, conjugu\u00e9e \u00e0 un mouvement d\u2019urbanisation intense, \u00e0 fortement augment\u00e9 la pression sur la ressource enbois, d\u00e9passent largement les capacit\u00e9s de r\u00e9g\u00e9n\u00e9ration des for\u00eats en p\u00e9riph\u00e9rie des grands centre urbains cette expression est \u00e0 l\u2019origine de grandes couronnes de d\u00e9forestation.le bois-\u00e9nergie devrait ainsi \u00eatre responsable d\u2019environ 58% de la d\u00e9gradation des for\u00eats et 19% de la d\u00e9forestation entre 2010 et 2030<\/p>\n\n\n\n<p>En RDC comme dans la plupart des pays en d\u00e9veloppement, la majorit\u00e9 de la population utilisent une diversit\u00e9 \u00e9nerg\u00e9tique pour la cuisson (charbon, \u00e9lectricit\u00e9, gaz de p\u00e9trole liqu\u00e9fi\u00e9 o\u00f9 GLP, k\u00e9ros\u00e8ne, etc ) en fonction des divers combustibles disponible de leur prix au pouvoir d\u2019achat.<\/p>\n\n\n\n<p>MIKE KANIKI<\/p>\n","protected":false},"excerpt":{"rendered":"<p>La RDC pr\u00e9sente une grande d\u00e9pendance \u00e0 la biomasse comme biais de cuisson (plus de 93% du bilan \u00e9nerg\u00e9tique du pays en 2015) \u00e0 cause d\u2019une instabilit\u00e9 courant \u00e9lectrique et peu d\u2019attention a \u00e9t\u00e9 accord\u00e9e jusque-l\u00e0 \u00e0 l\u2019importance de diversifier d\u2019\u00e9nergie de cuisson. Ce lundi 15 ao\u00fbt \u00e0 la salle du paroisse catholique du Sacr\u00e9-C\u0153ur [&hellip;]<\/p>\n","protected":false},"author":1,"featured_media":2027,"comment_status":"open","ping_status":"open","sticky":false,"template":"","format":"standard","meta":{"footnotes":""},"categories":[28],"tags":[],"_links":{"self":[{"href":"https:\/\/times.cd\/index.php\/wp-json\/wp\/v2\/posts\/2026"}],"collection":[{"href":"https:\/\/times.cd\/index.php\/wp-json\/wp\/v2\/posts"}],"about":[{"href":"https:\/\/times.cd\/index.php\/wp-json\/wp\/v2\/types\/post"}],"author":[{"embeddable":true,"href":"https:\/\/times.cd\/index.php\/wp-json\/wp\/v2\/users\/1"}],"replies":[{"embeddable":true,"href":"https:\/\/times.cd\/index.php\/wp-json\/wp\/v2\/comments?post=2026"}],"version-history":[{"count":1,"href":"https:\/\/times.cd\/index.php\/wp-json\/wp\/v2\/posts\/2026\/revisions"}],"predecessor-version":[{"id":2028,"href":"https:\/\/times.cd\/index.php\/wp-json\/wp\/v2\/posts\/2026\/revisions\/2028"}],"wp:featuredmedia":[{"embeddable":true,"href":"https:\/\/times.cd\/index.php\/wp-json\/wp\/v2\/media\/2027"}],"wp:attachment":[{"href":"https:\/\/times.cd\/index.php\/wp-json\/wp\/v2\/media?parent=2026"}],"wp:term":[{"taxonomy":"category","embeddable":true,"href":"https:\/\/times.cd\/index.php\/wp-json\/wp\/v2\/categories?post=2026"},{"taxonomy":"post_tag","embeddable":true,"href":"https:\/\/times.cd\/index.php\/wp-json\/wp\/v2\/tags?post=2026"}],"curies":[{"name":"wp","href":"https:\/\/api.w.org\/{rel}","templated":true}]}}